{"id":3805,"date":"2022-02-03T17:08:13","date_gmt":"2022-02-03T16:08:13","guid":{"rendered":"https:\/\/thiant.fr\/wordpress\/?p=3805"},"modified":"2022-02-03T17:12:34","modified_gmt":"2022-02-03T16:12:34","slug":"pass-vaccinal","status":"publish","type":"post","link":"https:\/\/thiant.fr\/wordpress\/pass-vaccinal\/","title":{"rendered":"Pass Vaccinal"},"content":{"rendered":"\t\t<div data-elementor-type=\"wp-post\" data-elementor-id=\"3805\" class=\"elementor elementor-3805\">\n\t\t\t\t\t\t<section class=\"elementor-section elementor-top-section elementor-element elementor-element-03bee5b elementor-section-boxed elementor-section-height-default elementor-section-height-default\" data-id=\"03bee5b\" data-element_type=\"section\" data-e-type=\"section\">\n\t\t\t\t\t\t<div class=\"elementor-container elementor-column-gap-default\">\n\t\t\t\t\t<div class=\"elementor-column elementor-col-100 elementor-top-column elementor-element elementor-element-4febceb\" data-id=\"4febceb\" data-element_type=\"column\" data-e-type=\"column\">\n\t\t\t<div class=\"elementor-widget-wrap elementor-element-populated\">\n\t\t\t\t\t\t<div class=\"elementor-element elementor-element-0b7b5a8 elementor-widget elementor-widget-text-editor\" data-id=\"0b7b5a8\" data-element_type=\"widget\" data-e-type=\"widget\" data-widget_type=\"text-editor.default\">\n\t\t\t\t<div class=\"elementor-widget-container\">\n\t\t\t\t\t\t\t\t\t<p><span style=\"color: #333333;\"><strong>Dans quels lieux le pass vaccinal, entr\u00e9 en vigueur le lundi 24 janvier, sera-t-il exig\u00e9 ?\u00a0<\/strong><\/span><\/p><p><span style=\"color: #333333;\">Ce pass vaccinal sera\u00a0<strong>demand\u00e9 d\u00e8s 16 ans dans tous les lieux de loisirs.\u00a0<\/strong>Les mineurs \u00e2g\u00e9s de 12 \u00e0 17 ans resteront soumis au pass sanitaire.\u00a0<strong>Voici les lieux o\u00f9 le pass vaccinal sera exig\u00e9 :<\/strong><\/span><\/p><ul><li><span style=\"color: #333333;\">les restaurants \u00e0 l&#8217;int\u00e9rieur comme sur les terrasses\u00a0;<\/span><\/li><li><span style=\"color: #333333;\">les bars \u00e0 l&#8217;int\u00e9rieur comme sur les terrasses ;<\/span><\/li><li><span style=\"color: #333333;\">les cin\u00e9mas ;<\/span><\/li><li><span style=\"color: #333333;\">les mus\u00e9es ;<\/span><\/li><li><span style=\"color: #333333;\">les th\u00e9\u00e2tres ;<\/span><\/li><li><span style=\"color: #333333;\">les grands magasins et centres commerciaux de plus de 20 000 m2\u00a0sur d\u00e9cision du pr\u00e9fet &#8220;lorsque leurs caract\u00e9ristiques et la gravit\u00e9 des risques de contamination le justifient&#8221; ;<\/span><\/li><li><span style=\"color: #333333;\">les campings et les clubs de vacances ;<\/span><\/li><li><span style=\"color: #333333;\"><u>les remont\u00e9es m\u00e9caniques<\/u> ;<\/span><\/li><li><span style=\"color: #333333;\">les parcs d\u2019attractions ;<\/span><\/li><li><span style=\"color: #333333;\"><span style=\"color: #ff0000;\"><strong><u>les salles de sport<\/u><\/strong><\/span> ;<\/span><\/li><li><span style=\"color: #333333;\">les salons ;<\/span><\/li><li><span style=\"color: #333333;\">les foires ;<\/span><\/li><li><span style=\"color: #333333;\"><span style=\"color: #ff0000;\"><strong><u>les biblioth\u00e8ques<\/u><\/strong><\/span>\u00a0\u00a0;<\/span><\/li><li><span style=\"color: #333333;\">les s\u00e9minaires ;<\/span><\/li><li><span style=\"color: #333333;\">les transports interr\u00e9gionaux comme les\u00a0avions, TGV et\u00a0Intercit\u00e9s. En revanche, les voyageurs ne disposant pas d&#8217;un pass vaccinal pourront pr\u00e9senter un<strong>\u00a0test n\u00e9gatif en cas de motif imp\u00e9rieux\u00a0<\/strong>d&#8217;ordre familial ou de sant\u00e9.<\/span><\/li><\/ul><p><span style=\"color: #333333;\"><strong><u>Le pass vaccinal sera \u00e9galement exig\u00e9 pour les professionnels pour qui le pass sanitaire \u00e9tait d\u00e9j\u00e0 obligatoire.\u00a0<\/u><\/strong><\/span><\/p><p><span style=\"color: #333333;\">La <strong>pr\u00e9sentation d&#8217;un test n\u00e9gatif <\/strong>sera toujours accept\u00e9 dans les h\u00f4pitaux, services m\u00e9dico-sociaux, maisons de retraite, Ehpad,restaurations collectives et<strong>\u00a0<\/strong>la restauration professionnelle routi\u00e8re<\/span><\/p>\t\t\t\t\t\t\t\t<\/div>\n\t\t\t\t<\/div>\n\t\t\t\t\t<\/div>\n\t\t<\/div>\n\t\t\t\t\t<\/div>\n\t\t<\/section>\n\t\t\t\t<\/div>\n\t\t","protected":false},"excerpt":{"rendered":"<p>Dans quels lieux le pass vaccinal, entr\u00e9 en vigueur le lundi 24 janvier, sera-t-il exig\u00e9 ?&nbsp; Ce pass vaccinal sera&nbsp;demand\u00e9 d\u00e8s 16 ans dans tous les lieux de loisirs.&nbsp;Les mineurs \u00e2g\u00e9s de 12 \u00e0 17 ans resteront soumis au pass sanitaire.&nbsp;Voici les lieux o\u00f9 le pass vaccinal sera exig\u00e9 : les restaurants \u00e0 l&#8217;int\u00e9rieur comme [&hellip;]<\/p>\n","protected":false},"author":1,"featured_media":3806,"comment_status":"closed","ping_status":"closed","sticky":false,"template":"","format":"standard","meta":{"_crdt_document":"","ocean_post_layout":"","ocean_both_sidebars_style":"","ocean_both_sidebars_content_width":0,"ocean_both_sidebars_sidebars_width":0,"ocean_sidebar":"0","ocean_second_sidebar":"0","ocean_disable_margins":"enable","ocean_add_body_class":"","ocean_shortcode_before_top_bar":"","ocean_shortcode_after_top_bar":"","ocean_shortcode_before_header":"","ocean_shortcode_after_header":"","ocean_has_shortcode":"","ocean_shortcode_after_title":"","ocean_shortcode_before_footer_widgets":"","ocean_shortcode_after_footer_widgets":"","ocean_shortcode_before_footer_bottom":"","ocean_shortcode_after_footer_bottom":"","ocean_display_top_bar":"default","ocean_display_header":"default","ocean_header_style":"","ocean_center_header_left_menu":"0","ocean_custom_header_template":"0","ocean_custom_logo":0,"ocean_custom_retina_logo":0,"ocean_custom_logo_max_width":0,"ocean_custom_logo_tablet_max_width":0,"ocean_custom_logo_mobile_max_width":0,"ocean_custom_logo_max_height":0,"ocean_custom_logo_tablet_max_height":0,"ocean_custom_logo_mobile_max_height":0,"ocean_header_custom_menu":"0","ocean_menu_typo_font_family":"0","ocean_menu_typo_font_subset":"","ocean_menu_typo_font_size":0,"ocean_menu_typo_font_size_tablet":0,"ocean_menu_typo_font_size_mobile":0,"ocean_menu_typo_font_size_unit":"px","ocean_menu_typo_font_weight":"","ocean_menu_typo_font_weight_tablet":"","ocean_menu_typo_font_weight_mobile":"","ocean_menu_typo_transform":"","ocean_menu_typo_transform_tablet":"","ocean_menu_typo_transform_mobile":"","ocean_menu_typo_line_height":0,"ocean_menu_typo_line_height_tablet":0,"ocean_menu_typo_line_height_mobile":0,"ocean_menu_typo_line_height_unit":"","ocean_menu_typo_spacing":0,"ocean_menu_typo_spacing_tablet":0,"ocean_menu_typo_spacing_mobile":0,"ocean_menu_typo_spacing_unit":"","ocean_menu_link_color":"","ocean_menu_link_color_hover":"","ocean_menu_link_color_active":"","ocean_menu_link_background":"","ocean_menu_link_hover_background":"","ocean_menu_link_active_background":"","ocean_menu_social_links_bg":"","ocean_menu_social_hover_links_bg":"","ocean_menu_social_links_color":"","ocean_menu_social_hover_links_color":"","ocean_disable_title":"default","ocean_disable_heading":"default","ocean_post_title":"","ocean_post_subheading":"","ocean_post_title_style":"","ocean_post_title_background_color":"","ocean_post_title_background":0,"ocean_post_title_bg_image_position":"","ocean_post_title_bg_image_attachment":"","ocean_post_title_bg_image_repeat":"","ocean_post_title_bg_image_size":"","ocean_post_title_height":0,"ocean_post_title_bg_overlay":0.5,"ocean_post_title_bg_overlay_color":"","ocean_disable_breadcrumbs":"default","ocean_breadcrumbs_color":"","ocean_breadcrumbs_separator_color":"","ocean_breadcrumbs_links_color":"","ocean_breadcrumbs_links_hover_color":"","ocean_display_footer_widgets":"default","ocean_display_footer_bottom":"default","ocean_custom_footer_template":"0","ocean_post_oembed":"","ocean_post_self_hosted_media":"","ocean_post_video_embed":"","ocean_link_format":"","ocean_link_format_target":"self","ocean_quote_format":"","ocean_quote_format_link":"post","ocean_gallery_link_images":"off","ocean_gallery_id":[],"footnotes":""},"categories":[271],"tags":[188,663,664],"class_list":["post-3805","post","type-post","status-publish","format-standard","has-post-thumbnail","hentry","category-covid-19","tag-coronavirus","tag-pass-vaccinal","tag-passe-vaccinal","entry","has-media"],"yoast_head":"<!-- This site is optimized with the Yoast SEO plugin v27.3 - https:\/\/yoast.com\/product\/yoast-seo-wordpress\/ -->\n<title>Pass Vaccinal - Ville de Thiant<\/title>\n<meta name=\"description\" content=\"Dans quels lieux le pass vaccinal, entr\u00e9 en vigueur le lundi 24 janvier sera-t-il exig\u00e9 ? Pour qui ? Tout ce qu&#039;il faut savoir se trouve ici.\" \/>\n<meta name=\"robots\" content=\"index, follow, max-snippet:-1, max-image-preview:large, max-video-preview:-1\" \/>\n<link rel=\"canonical\" href=\"https:\/\/thiant.fr\/wordpress\/pass-vaccinal\/\" \/>\n<meta property=\"og:locale\" content=\"fr_FR\" \/>\n<meta property=\"og:type\" content=\"article\" \/>\n<meta property=\"og:title\" content=\"Pass Vaccinal - Ville de Thiant\" \/>\n<meta property=\"og:description\" content=\"Dans quels lieux le pass vaccinal, entr\u00e9 en vigueur le lundi 24 janvier sera-t-il exig\u00e9 ? Pour qui ? Tout ce qu&#039;il faut savoir se trouve ici.\" \/>\n<meta property=\"og:url\" content=\"https:\/\/thiant.fr\/wordpress\/pass-vaccinal\/\" \/>\n<meta property=\"og:site_name\" content=\"Ville de Thiant\" \/>\n<meta property=\"article:published_time\" content=\"2022-02-03T16:08:13+00:00\" \/>\n<meta property=\"article:modified_time\" content=\"2022-02-03T16:12:34+00:00\" \/>\n<meta property=\"og:image\" content=\"https:\/\/thiant.fr\/wordpress\/wp-content\/uploads\/2022\/02\/logo-Pass-Vaccinal.png\" \/>\n\t<meta property=\"og:image:width\" content=\"730\" \/>\n\t<meta property=\"og:image:height\" content=\"205\" \/>\n\t<meta property=\"og:image:type\" content=\"image\/png\" \/>\n<meta name=\"author\" content=\"Service communication\" \/>\n<meta name=\"twitter:card\" content=\"summary_large_image\" \/>\n<meta name=\"twitter:label1\" content=\"\u00c9crit par\" \/>\n\t<meta name=\"twitter:data1\" content=\"Service communication\" \/>\n\t<meta name=\"twitter:label2\" content=\"Dur\u00e9e de lecture estim\u00e9e\" \/>\n\t<meta name=\"twitter:data2\" content=\"2 minutes\" \/>\n<script type=\"application\/ld+json\" class=\"yoast-schema-graph\">{\"@context\":\"https:\\\/\\\/schema.org\",\"@graph\":[{\"@type\":\"Article\",\"@id\":\"https:\\\/\\\/thiant.fr\\\/wordpress\\\/pass-vaccinal\\\/#article\",\"isPartOf\":{\"@id\":\"https:\\\/\\\/thiant.fr\\\/wordpress\\\/pass-vaccinal\\\/\"},\"author\":{\"name\":\"Service communication\",\"@id\":\"https:\\\/\\\/thiant.fr\\\/wordpress\\\/#\\\/schema\\\/person\\\/f41122130d18c0720657431d990451c6\"},\"headline\":\"Pass Vaccinal\",\"datePublished\":\"2022-02-03T16:08:13+00:00\",\"dateModified\":\"2022-02-03T16:12:34+00:00\",\"mainEntityOfPage\":{\"@id\":\"https:\\\/\\\/thiant.fr\\\/wordpress\\\/pass-vaccinal\\\/\"},\"wordCount\":239,\"publisher\":{\"@id\":\"https:\\\/\\\/thiant.fr\\\/wordpress\\\/#organization\"},\"image\":{\"@id\":\"https:\\\/\\\/thiant.fr\\\/wordpress\\\/pass-vaccinal\\\/#primaryimage\"},\"thumbnailUrl\":\"https:\\\/\\\/thiant.fr\\\/wordpress\\\/wp-content\\\/uploads\\\/2022\\\/02\\\/logo-Pass-Vaccinal.png\",\"keywords\":[\"coronavirus\",\"pass vaccinal\",\"passe vaccinal\"],\"articleSection\":[\"COVID-19\"],\"inLanguage\":\"fr-FR\"},{\"@type\":\"WebPage\",\"@id\":\"https:\\\/\\\/thiant.fr\\\/wordpress\\\/pass-vaccinal\\\/\",\"url\":\"https:\\\/\\\/thiant.fr\\\/wordpress\\\/pass-vaccinal\\\/\",\"name\":\"Pass Vaccinal - Ville de Thiant\",\"isPartOf\":{\"@id\":\"https:\\\/\\\/thiant.fr\\\/wordpress\\\/#website\"},\"primaryImageOfPage\":{\"@id\":\"https:\\\/\\\/thiant.fr\\\/wordpress\\\/pass-vaccinal\\\/#primaryimage\"},\"image\":{\"@id\":\"https:\\\/\\\/thiant.fr\\\/wordpress\\\/pass-vaccinal\\\/#primaryimage\"},\"thumbnailUrl\":\"https:\\\/\\\/thiant.fr\\\/wordpress\\\/wp-content\\\/uploads\\\/2022\\\/02\\\/logo-Pass-Vaccinal.png\",\"datePublished\":\"2022-02-03T16:08:13+00:00\",\"dateModified\":\"2022-02-03T16:12:34+00:00\",\"description\":\"Dans quels lieux le pass vaccinal, entr\u00e9 en vigueur le lundi 24 janvier sera-t-il exig\u00e9 ? Pour qui ? Tout ce qu'il faut savoir se trouve ici.\",\"breadcrumb\":{\"@id\":\"https:\\\/\\\/thiant.fr\\\/wordpress\\\/pass-vaccinal\\\/#breadcrumb\"},\"inLanguage\":\"fr-FR\",\"potentialAction\":[{\"@type\":\"ReadAction\",\"target\":[\"https:\\\/\\\/thiant.fr\\\/wordpress\\\/pass-vaccinal\\\/\"]}]},{\"@type\":\"ImageObject\",\"inLanguage\":\"fr-FR\",\"@id\":\"https:\\\/\\\/thiant.fr\\\/wordpress\\\/pass-vaccinal\\\/#primaryimage\",\"url\":\"https:\\\/\\\/thiant.fr\\\/wordpress\\\/wp-content\\\/uploads\\\/2022\\\/02\\\/logo-Pass-Vaccinal.png\",\"contentUrl\":\"https:\\\/\\\/thiant.fr\\\/wordpress\\\/wp-content\\\/uploads\\\/2022\\\/02\\\/logo-Pass-Vaccinal.png\",\"width\":730,\"height\":205},{\"@type\":\"BreadcrumbList\",\"@id\":\"https:\\\/\\\/thiant.fr\\\/wordpress\\\/pass-vaccinal\\\/#breadcrumb\",\"itemListElement\":[{\"@type\":\"ListItem\",\"position\":1,\"name\":\"Accueil\",\"item\":\"https:\\\/\\\/thiant.fr\\\/wordpress\\\/\"},{\"@type\":\"ListItem\",\"position\":2,\"name\":\"Pass Vaccinal\"}]},{\"@type\":\"WebSite\",\"@id\":\"https:\\\/\\\/thiant.fr\\\/wordpress\\\/#website\",\"url\":\"https:\\\/\\\/thiant.fr\\\/wordpress\\\/\",\"name\":\"Ville de Thiant\",\"description\":\"Site officiel de la ville de Thiant\",\"publisher\":{\"@id\":\"https:\\\/\\\/thiant.fr\\\/wordpress\\\/#organization\"},\"potentialAction\":[{\"@type\":\"SearchAction\",\"target\":{\"@type\":\"EntryPoint\",\"urlTemplate\":\"https:\\\/\\\/thiant.fr\\\/wordpress\\\/?s={search_term_string}\"},\"query-input\":{\"@type\":\"PropertyValueSpecification\",\"valueRequired\":true,\"valueName\":\"search_term_string\"}}],\"inLanguage\":\"fr-FR\"},{\"@type\":\"Organization\",\"@id\":\"https:\\\/\\\/thiant.fr\\\/wordpress\\\/#organization\",\"name\":\"Ville de Thiant\",\"url\":\"https:\\\/\\\/thiant.fr\\\/wordpress\\\/\",\"logo\":{\"@type\":\"ImageObject\",\"inLanguage\":\"fr-FR\",\"@id\":\"https:\\\/\\\/thiant.fr\\\/wordpress\\\/#\\\/schema\\\/logo\\\/image\\\/\",\"url\":\"https:\\\/\\\/thiant.fr\\\/wordpress\\\/wp-content\\\/uploads\\\/2019\\\/08\\\/Thiant_Illdy_4.png\",\"contentUrl\":\"https:\\\/\\\/thiant.fr\\\/wordpress\\\/wp-content\\\/uploads\\\/2019\\\/08\\\/Thiant_Illdy_4.png\",\"width\":105,\"height\":75,\"caption\":\"Ville de Thiant\"},\"image\":{\"@id\":\"https:\\\/\\\/thiant.fr\\\/wordpress\\\/#\\\/schema\\\/logo\\\/image\\\/\"}},{\"@type\":\"Person\",\"@id\":\"https:\\\/\\\/thiant.fr\\\/wordpress\\\/#\\\/schema\\\/person\\\/f41122130d18c0720657431d990451c6\",\"name\":\"Service communication\",\"image\":{\"@type\":\"ImageObject\",\"inLanguage\":\"fr-FR\",\"@id\":\"https:\\\/\\\/secure.gravatar.com\\\/avatar\\\/527d4f1f1330a82db5a7ea7738ddeb994fd26c4537512a833d99b387808ee250?s=96&r=g\",\"url\":\"https:\\\/\\\/secure.gravatar.com\\\/avatar\\\/527d4f1f1330a82db5a7ea7738ddeb994fd26c4537512a833d99b387808ee250?s=96&r=g\",\"contentUrl\":\"https:\\\/\\\/secure.gravatar.com\\\/avatar\\\/527d4f1f1330a82db5a7ea7738ddeb994fd26c4537512a833d99b387808ee250?s=96&r=g\",\"caption\":\"Service communication\"},\"url\":\"https:\\\/\\\/thiant.fr\\\/wordpress\\\/author\\\/adminwpress\\\/\"}]}<\/script>\n<!-- \/ Yoast SEO plugin. -->","yoast_head_json":{"title":"Pass Vaccinal - Ville de Thiant","description":"Dans quels lieux le pass vaccinal, entr\u00e9 en vigueur le lundi 24 janvier sera-t-il exig\u00e9 ? Pour qui ? Tout ce qu'il faut savoir se trouve ici.","robots":{"index":"index","follow":"follow","max-snippet":"max-snippet:-1","max-image-preview":"max-image-preview:large","max-video-preview":"max-video-preview:-1"},"canonical":"https:\/\/thiant.fr\/wordpress\/pass-vaccinal\/","og_locale":"fr_FR","og_type":"article","og_title":"Pass Vaccinal - Ville de Thiant","og_description":"Dans quels lieux le pass vaccinal, entr\u00e9 en vigueur le lundi 24 janvier sera-t-il exig\u00e9 ? Pour qui ? Tout ce qu'il faut savoir se trouve ici.","og_url":"https:\/\/thiant.fr\/wordpress\/pass-vaccinal\/","og_site_name":"Ville de Thiant","article_published_time":"2022-02-03T16:08:13+00:00","article_modified_time":"2022-02-03T16:12:34+00:00","og_image":[{"width":730,"height":205,"url":"https:\/\/thiant.fr\/wordpress\/wp-content\/uploads\/2022\/02\/logo-Pass-Vaccinal.png","type":"image\/png"}],"author":"Service communication","twitter_card":"summary_large_image","twitter_misc":{"\u00c9crit par":"Service communication","Dur\u00e9e de lecture estim\u00e9e":"2 minutes"},"schema":{"@context":"https:\/\/schema.org","@graph":[{"@type":"Article","@id":"https:\/\/thiant.fr\/wordpress\/pass-vaccinal\/#article","isPartOf":{"@id":"https:\/\/thiant.fr\/wordpress\/pass-vaccinal\/"},"author":{"name":"Service communication","@id":"https:\/\/thiant.fr\/wordpress\/#\/schema\/person\/f41122130d18c0720657431d990451c6"},"headline":"Pass Vaccinal","datePublished":"2022-02-03T16:08:13+00:00","dateModified":"2022-02-03T16:12:34+00:00","mainEntityOfPage":{"@id":"https:\/\/thiant.fr\/wordpress\/pass-vaccinal\/"},"wordCount":239,"publisher":{"@id":"https:\/\/thiant.fr\/wordpress\/#organization"},"image":{"@id":"https:\/\/thiant.fr\/wordpress\/pass-vaccinal\/#primaryimage"},"thumbnailUrl":"https:\/\/thiant.fr\/wordpress\/wp-content\/uploads\/2022\/02\/logo-Pass-Vaccinal.png","keywords":["coronavirus","pass vaccinal","passe vaccinal"],"articleSection":["COVID-19"],"inLanguage":"fr-FR"},{"@type":"WebPage","@id":"https:\/\/thiant.fr\/wordpress\/pass-vaccinal\/","url":"https:\/\/thiant.fr\/wordpress\/pass-vaccinal\/","name":"Pass Vaccinal - Ville de Thiant","isPartOf":{"@id":"https:\/\/thiant.fr\/wordpress\/#website"},"primaryImageOfPage":{"@id":"https:\/\/thiant.fr\/wordpress\/pass-vaccinal\/#primaryimage"},"image":{"@id":"https:\/\/thiant.fr\/wordpress\/pass-vaccinal\/#primaryimage"},"thumbnailUrl":"https:\/\/thiant.fr\/wordpress\/wp-content\/uploads\/2022\/02\/logo-Pass-Vaccinal.png","datePublished":"2022-02-03T16:08:13+00:00","dateModified":"2022-02-03T16:12:34+00:00","description":"Dans quels lieux le pass vaccinal, entr\u00e9 en vigueur le lundi 24 janvier sera-t-il exig\u00e9 ? Pour qui ? Tout ce qu'il faut savoir se trouve ici.","breadcrumb":{"@id":"https:\/\/thiant.fr\/wordpress\/pass-vaccinal\/#breadcrumb"},"inLanguage":"fr-FR","potentialAction":[{"@type":"ReadAction","target":["https:\/\/thiant.fr\/wordpress\/pass-vaccinal\/"]}]},{"@type":"ImageObject","inLanguage":"fr-FR","@id":"https:\/\/thiant.fr\/wordpress\/pass-vaccinal\/#primaryimage","url":"https:\/\/thiant.fr\/wordpress\/wp-content\/uploads\/2022\/02\/logo-Pass-Vaccinal.png","contentUrl":"https:\/\/thiant.fr\/wordpress\/wp-content\/uploads\/2022\/02\/logo-Pass-Vaccinal.png","width":730,"height":205},{"@type":"BreadcrumbList","@id":"https:\/\/thiant.fr\/wordpress\/pass-vaccinal\/#breadcrumb","itemListElement":[{"@type":"ListItem","position":1,"name":"Accueil","item":"https:\/\/thiant.fr\/wordpress\/"},{"@type":"ListItem","position":2,"name":"Pass Vaccinal"}]},{"@type":"WebSite","@id":"https:\/\/thiant.fr\/wordpress\/#website","url":"https:\/\/thiant.fr\/wordpress\/","name":"Ville de Thiant","description":"Site officiel de la ville de Thiant","publisher":{"@id":"https:\/\/thiant.fr\/wordpress\/#organization"},"potentialAction":[{"@type":"SearchAction","target":{"@type":"EntryPoint","urlTemplate":"https:\/\/thiant.fr\/wordpress\/?s={search_term_string}"},"query-input":{"@type":"PropertyValueSpecification","valueRequired":true,"valueName":"search_term_string"}}],"inLanguage":"fr-FR"},{"@type":"Organization","@id":"https:\/\/thiant.fr\/wordpress\/#organization","name":"Ville de Thiant","url":"https:\/\/thiant.fr\/wordpress\/","logo":{"@type":"ImageObject","inLanguage":"fr-FR","@id":"https:\/\/thiant.fr\/wordpress\/#\/schema\/logo\/image\/","url":"https:\/\/thiant.fr\/wordpress\/wp-content\/uploads\/2019\/08\/Thiant_Illdy_4.png","contentUrl":"https:\/\/thiant.fr\/wordpress\/wp-content\/uploads\/2019\/08\/Thiant_Illdy_4.png","width":105,"height":75,"caption":"Ville de Thiant"},"image":{"@id":"https:\/\/thiant.fr\/wordpress\/#\/schema\/logo\/image\/"}},{"@type":"Person","@id":"https:\/\/thiant.fr\/wordpress\/#\/schema\/person\/f41122130d18c0720657431d990451c6","name":"Service communication","image":{"@type":"ImageObject","inLanguage":"fr-FR","@id":"https:\/\/secure.gravatar.com\/avatar\/527d4f1f1330a82db5a7ea7738ddeb994fd26c4537512a833d99b387808ee250?s=96&r=g","url":"https:\/\/secure.gravatar.com\/avatar\/527d4f1f1330a82db5a7ea7738ddeb994fd26c4537512a833d99b387808ee250?s=96&r=g","contentUrl":"https:\/\/secure.gravatar.com\/avatar\/527d4f1f1330a82db5a7ea7738ddeb994fd26c4537512a833d99b387808ee250?s=96&r=g","caption":"Service communication"},"url":"https:\/\/thiant.fr\/wordpress\/author\/adminwpress\/"}]}},"_links":{"self":[{"href":"https:\/\/thiant.fr\/wordpress\/wp-json\/wp\/v2\/posts\/3805","targetHints":{"allow":["GET"]}}],"collection":[{"href":"https:\/\/thiant.fr\/wordpress\/wp-json\/wp\/v2\/posts"}],"about":[{"href":"https:\/\/thiant.fr\/wordpress\/wp-json\/wp\/v2\/types\/post"}],"author":[{"embeddable":true,"href":"https:\/\/thiant.fr\/wordpress\/wp-json\/wp\/v2\/users\/1"}],"replies":[{"embeddable":true,"href":"https:\/\/thiant.fr\/wordpress\/wp-json\/wp\/v2\/comments?post=3805"}],"version-history":[{"count":0,"href":"https:\/\/thiant.fr\/wordpress\/wp-json\/wp\/v2\/posts\/3805\/revisions"}],"wp:featuredmedia":[{"embeddable":true,"href":"https:\/\/thiant.fr\/wordpress\/wp-json\/wp\/v2\/media\/3806"}],"wp:attachment":[{"href":"https:\/\/thiant.fr\/wordpress\/wp-json\/wp\/v2\/media?parent=3805"}],"wp:term":[{"taxonomy":"category","embeddable":true,"href":"https:\/\/thiant.fr\/wordpress\/wp-json\/wp\/v2\/categories?post=3805"},{"taxonomy":"post_tag","embeddable":true,"href":"https:\/\/thiant.fr\/wordpress\/wp-json\/wp\/v2\/tags?post=3805"}],"curies":[{"name":"wp","href":"https:\/\/api.w.org\/{rel}","templated":true}]}}