{"id":3812,"date":"2022-02-04T14:50:43","date_gmt":"2022-02-04T13:50:43","guid":{"rendered":"https:\/\/thiant.fr\/wordpress\/?p=3812"},"modified":"2022-02-04T14:51:26","modified_gmt":"2022-02-04T13:51:26","slug":"avis-de-concertation-prealable-sur-le-pcaet","status":"publish","type":"post","link":"https:\/\/thiant.fr\/wordpress\/avis-de-concertation-prealable-sur-le-pcaet\/","title":{"rendered":"Avis de concertation pr\u00e9alable sur le PCAET"},"content":{"rendered":"\t\t<div data-elementor-type=\"wp-post\" data-elementor-id=\"3812\" class=\"elementor elementor-3812\">\n\t\t\t\t\t\t<section class=\"elementor-section elementor-top-section elementor-element elementor-element-3a6a6da elementor-section-boxed elementor-section-height-default elementor-section-height-default\" data-id=\"3a6a6da\" data-element_type=\"section\" data-e-type=\"section\">\n\t\t\t\t\t\t<div class=\"elementor-container elementor-column-gap-default\">\n\t\t\t\t\t<div class=\"elementor-column elementor-col-100 elementor-top-column elementor-element elementor-element-72147aa\" data-id=\"72147aa\" data-element_type=\"column\" data-e-type=\"column\">\n\t\t\t<div class=\"elementor-widget-wrap elementor-element-populated\">\n\t\t\t\t\t\t<div class=\"elementor-element elementor-element-67fb5db elementor-widget elementor-widget-image\" data-id=\"67fb5db\" data-element_type=\"widget\" data-e-type=\"widget\" data-widget_type=\"image.default\">\n\t\t\t\t<div class=\"elementor-widget-container\">\n\t\t\t\t\t\t\t\t\t\t\t\t\t\t\t<img decoding=\"async\" width=\"200\" height=\"96\" src=\"https:\/\/thiant.fr\/wordpress\/wp-content\/uploads\/2021\/06\/logo-institutionnel-ok.png\" class=\"attachment-large size-large wp-image-2823\" alt=\"\" \/>\t\t\t\t\t\t\t\t\t\t\t\t\t\t\t<\/div>\n\t\t\t\t<\/div>\n\t\t\t\t\t<\/div>\n\t\t<\/div>\n\t\t\t\t\t<\/div>\n\t\t<\/section>\n\t\t\t\t<section class=\"elementor-section elementor-top-section elementor-element elementor-element-ef8a84e elementor-section-boxed elementor-section-height-default elementor-section-height-default\" data-id=\"ef8a84e\" data-element_type=\"section\" data-e-type=\"section\">\n\t\t\t\t\t\t<div class=\"elementor-container elementor-column-gap-default\">\n\t\t\t\t\t<div class=\"elementor-column elementor-col-100 elementor-top-column elementor-element elementor-element-a5db113\" data-id=\"a5db113\" data-element_type=\"column\" data-e-type=\"column\">\n\t\t\t<div class=\"elementor-widget-wrap elementor-element-populated\">\n\t\t\t\t\t\t<div class=\"elementor-element elementor-element-242758d elementor-widget elementor-widget-text-editor\" data-id=\"242758d\" data-element_type=\"widget\" data-e-type=\"widget\" data-widget_type=\"text-editor.default\">\n\t\t\t\t<div class=\"elementor-widget-container\">\n\t\t\t\t\t\t\t\t\t<p><span style=\"color: #333333;\">En application des articles L121-16 et R121-19 du code de l&#8217;environnement et conform\u00e9ment \u00e0 la d\u00e9cision n\u00b02021\/116\/PCAET CAPH\/1 de la Commission Nationale du D\u00e9bat Public.<\/span><\/p><h2 style=\"text-align: center;\">\u00e9laboration du Plan Climat Air \u00e9nergie Territorial (PCAET) <br \/>de la porte du Hainaut<\/h2><h4>Objet de la concertation pr\u00e9alable<\/h4><p><span style=\"color: #333333;\">Un Plan Climat a pour objectif strat\u00e9gique de pr\u00e9parer le territoire aux cons\u00e9quences du changement climatique, tout en fixant des objectifs op\u00e9rationnels pour l&#8217;att\u00e9nuer et le combattre. C&#8217;est un document qui d\u00e9finit des actions \u00e0 mettre en \u0153uvre, pour atteindre des objectifs, dans les domaines de l&#8217;\u00e9nergie, de la qualit\u00e9 de l&#8217;air, de la biodiversit\u00e9, des mobilit\u00e9s. L&#8217;objectif de la concertation pr\u00e9alable est d&#8217;am\u00e9liorer la qualit\u00e9 et l&#8217;acceptabilit\u00e9 des d\u00e9cisions qui seront prises par les \u00e9lus afin d&#8217;aboutir \u00e0 des actions durables et soutenues par les acteurs socio-\u00e9conomiques et la population dans son ensemble.<\/span><\/p><h4>Organisation de la concertation pr\u00e9alable<\/h4><p><span style=\"color: #333333;\">En application de l&#8217;article L121-17 du code de l&#8217;environnement, la Porte du Hainaut a sollicit\u00e9 la Commission Nationale du D\u00e9bat Public (CNDP); le 29 juin 2021, afin que la concertation se d\u00e9roule sous l&#8217;\u00e9gide d&#8217;un garant. Lors de sa s\u00e9ance pl\u00e9ni\u00e8re du 1er septembre 2021 la CNDP a d\u00e9sign\u00e9 Monsieur Jean Raymond Wattiez comme garant. Celui-ci remettra un bilan sur le d\u00e9roulement de la concertation dans le d\u00e9lai d&#8217;un mois au terme de la concertation. Ce bilan sera rendu public. La d\u00e9cision de la CNDP est consultable \u00e0 l&#8217;adresse suivante :<\/span> <a href=\"https:\/\/www.debatpublic.fr\/pcaet-de-la-porte-du-hainaut-2312\" target=\"_blank\" rel=\"noopener\">https:\/\/www.debatpublic.fr\/pcaet-de-la-porte-du-hainaut-2312<\/a><\/p><h4>Modalit\u00e9s de la concertation pr\u00e9alable<\/h4><p><span style=\"color: #333333;\">La concertation pr\u00e9alable se tiendra du 18 janvier 2022 au 11 mars inclus. Diff\u00e9rents temps de concertation seront organis\u00e9s. Une inscription \u00e0 ces diff\u00e9rents temps d&#8217;\u00e9change est souhait\u00e9e afin de potentiellement pouvoir informer les participants de l&#8217;\u00e9volution des r\u00e8gles sanitaires.<\/span><\/p><p><span style=\"color: #333333;\">L&#8217;inscription se fera au<\/span> <a href=\"tel:+33327099263\">03 27 09 92 63<\/a> <span style=\"color: #333333;\">ou par mail \u00e0<\/span><a href=\"mailto:plan.climat@agglo-porteduhainaut.fr\"> plan.climat@agglo-porteduhainaut.fr<\/a><\/p><p><span style=\"color: #333333;\">Des ateliers se tiendront :<\/span><\/p><ul><li><span style=\"color: #333333;\">le 18\/01\/2022 \u00e0 16h, exploitation agricole C\u0153ur de Campagne de la commune de Marquette-en-Ostrevant ;<\/span><\/li><li><span style=\"color: #333333;\">le 01\/02\/2022 de 13h30 \u00e0 15h30 au coll\u00e8ge Germinal de la commune de Raismes ;<\/span><\/li><li><span style=\"color: #333333;\">le 02\/02\/2022 \u00e0 16h, salle des f\u00eates Nelson Mandela de la commune de Hordain ;<\/span><\/li><li><span style=\"color: #333333;\">le 22\/02\/2022 de 15h \u00e0 17h \u00e0 la maison de quartier Solange Tonini de la commune de Denain.<\/span><\/li><\/ul><p><span style=\"color: #333333;\">Des visites de sites exemplaires du territoire seront organis\u00e9es le 26 f\u00e9vrier 2022 matin. Une s\u00e9ance de cl\u00f4ture se tiendra le 11 mars 2022 \u00e0 19h \u00e0 l&#8217;Imaginaire de Douchy-les-Mines \u00e0 l&#8217;occasion de la projection du film &#8220;<em>Qu&#8217;est-ce qu&#8217;on attend<\/em>&#8220;. Elle sera suivie d&#8217;un d\u00e9bat et d&#8217;une restitution des principaux enseignements de la concertation.<\/span><\/p><h4>Information du public<\/h4><p><span style=\"color: #333333;\">Un site internet d\u00e9di\u00e9 permettra d&#8217;acc\u00e9der au dossier de la concertation. Il sera ouvert \u00e0 partir du 18 janvier 2022 et contiendra les informations pr\u00e9cises sur les modalit\u00e9s de la concertation ainsi que les liens d&#8217;acc\u00e8s \u00e0 toute la documentation du Plan Climat. Il comportera, par ailleurs, un questionnaire sur le projet d&#8217;actions du Plan Climat ainsi qu&#8217;un espace de libre expression.<\/span><\/p><p><span style=\"color: #333333;\">Adresse du site :<\/span> <a href=\"https:\/\/pcaet.agglo-porteduhainaut.fr\/\" target=\"_blank\" rel=\"noopener\">https:\/\/pcaet.agglo-porteduhainaut.fr\/<\/a><\/p><p><span style=\"color: #333333;\">L&#8217;ensemble des documents sera \u00e9galement disponible, sur support papier, dans les lieux suivants :<\/span><\/p><p><span style=\"color: #333333;\">Pour l&#8217;Ostrevant :<\/span><\/p><ul><li><span style=\"color: #333333;\">\u00e0 la m\u00e9diath\u00e8que de Bouchain ;<\/span><\/li><li><span style=\"color: #333333;\">\u00e0 la mairie de Wasnes-au-Bac<\/span><\/li><li><span style=\"color: #333333;\">\u00e0 la mairie de Haspres<\/span><\/li><\/ul><p><span style=\"color: #333333;\">Pour le Denaisis :<\/span><\/p><ul><li><span style=\"color: #333333;\">\u00e0 la maison de quartier Solange Tonini de Denain<\/span><\/li><li><span style=\"color: #333333;\">\u00e0 la m\u00e9diath\u00e8que de Denain<\/span><\/li><li><span style=\"color: #333333;\">au centre social Agora de Douchy-les-Mines<\/span><\/li><li><span style=\"color: #333333;\">\u00e0 la mairie de Trith-Saint-L\u00e9ger<\/span><\/li><\/ul><p><span style=\"color: #333333;\">Pour le Corridor minier :<\/span><\/p><ul><li><span style=\"color: #333333;\">au site minier de Wallers-Arenberg<\/span><\/li><li><span style=\"color: #333333;\">\u00e0 la maison de quartier Sabatier de Raismes<\/span><\/li><li><span style=\"color: #333333;\">\u00e0 la m\u00e9diath\u00e8que de Raismes<\/span><\/li><li><span style=\"color: #333333;\">\u00e0 la mairie d&#8217;Escaudain<\/span><\/li><\/ul><p><span style=\"color: #333333;\">Pour l&#8217;Amandinois :<\/span><\/p><ul><li><span style=\"color: #333333;\">\u00e0 la m\u00e9diath\u00e8que de Saint Amand les Eaux<\/span><\/li><li><span style=\"color: #333333;\">\u00e0 la m\u00e9diath\u00e8que de Brillon<\/span><\/li><li><span style=\"color: #333333;\">\u00e0 la m\u00e9diath\u00e8que de Rosult<\/span><\/li><li><span style=\"color: #333333;\">\u00e0 la mairie de Mortagne du Nord<\/span><\/li><\/ul><p><span style=\"color: #333333;\">Des registres de libre expression seront mis \u00e0 la disposition du public dans chacun de ces lieux. La Porte du Hainaut se r\u00e9serve le droit d&#8217;ajouter de nouveaux temps \u00e0 cette concertation pr\u00e9alable. Ils seront affich\u00e9s sur le site internet d\u00e9di\u00e9 du Plan Climat. Les \u00e9v\u00e9nements de cette concertation se feront dans le respect des normes sanitaires alors en vigueur.<\/span><\/p>\t\t\t\t\t\t\t\t<\/div>\n\t\t\t\t<\/div>\n\t\t\t\t\t<\/div>\n\t\t<\/div>\n\t\t\t\t\t<\/div>\n\t\t<\/section>\n\t\t\t\t<\/div>\n\t\t","protected":false},"excerpt":{"rendered":"<p>En application des articles L121-16 et R121-19 du code de l&#8217;environnement et conform\u00e9ment \u00e0 la d\u00e9cision n\u00b02021\/116\/PCAET CAPH\/1 de la Commission Nationale du D\u00e9bat Public. \u00e9laboration du Plan Climat Air \u00e9nergie Territorial (PCAET) de la porte du Hainaut Objet de la concertation pr\u00e9alable Un Plan Climat a pour objectif strat\u00e9gique de pr\u00e9parer le territoire aux [&hellip;]<\/p>\n","protected":false},"author":1,"featured_media":3814,"comment_status":"closed","ping_status":"closed","sticky":false,"template":"","format":"standard","meta":{"_crdt_document":"","ocean_post_layout":"","ocean_both_sidebars_style":"","ocean_both_sidebars_content_width":0,"ocean_both_sidebars_sidebars_width":0,"ocean_sidebar":"0","ocean_second_sidebar":"0","ocean_disable_margins":"enable","ocean_add_body_class":"","ocean_shortcode_before_top_bar":"","ocean_shortcode_after_top_bar":"","ocean_shortcode_before_header":"","ocean_shortcode_after_header":"","ocean_has_shortcode":"","ocean_shortcode_after_title":"","ocean_shortcode_before_footer_widgets":"","ocean_shortcode_after_footer_widgets":"","ocean_shortcode_before_footer_bottom":"","ocean_shortcode_after_footer_bottom":"","ocean_display_top_bar":"default","ocean_display_header":"default","ocean_header_style":"","ocean_center_header_left_menu":"0","ocean_custom_header_template":"0","ocean_custom_logo":0,"ocean_custom_retina_logo":0,"ocean_custom_logo_max_width":0,"ocean_custom_logo_tablet_max_width":0,"ocean_custom_logo_mobile_max_width":0,"ocean_custom_logo_max_height":0,"ocean_custom_logo_tablet_max_height":0,"ocean_custom_logo_mobile_max_height":0,"ocean_header_custom_menu":"0","ocean_menu_typo_font_family":"0","ocean_menu_typo_font_subset":"","ocean_menu_typo_font_size":0,"ocean_menu_typo_font_size_tablet":0,"ocean_menu_typo_font_size_mobile":0,"ocean_menu_typo_font_size_unit":"px","ocean_menu_typo_font_weight":"","ocean_menu_typo_font_weight_tablet":"","ocean_menu_typo_font_weight_mobile":"","ocean_menu_typo_transform":"","ocean_menu_typo_transform_tablet":"","ocean_menu_typo_transform_mobile":"","ocean_menu_typo_line_height":0,"ocean_menu_typo_line_height_tablet":0,"ocean_menu_typo_line_height_mobile":0,"ocean_menu_typo_line_height_unit":"","ocean_menu_typo_spacing":0,"ocean_menu_typo_spacing_tablet":0,"ocean_menu_typo_spacing_mobile":0,"ocean_menu_typo_spacing_unit":"","ocean_menu_link_color":"","ocean_menu_link_color_hover":"","ocean_menu_link_color_active":"","ocean_menu_link_background":"","ocean_menu_link_hover_background":"","ocean_menu_link_active_background":"","ocean_menu_social_links_bg":"","ocean_menu_social_hover_links_bg":"","ocean_menu_social_links_color":"","ocean_menu_social_hover_links_color":"","ocean_disable_title":"default","ocean_disable_heading":"default","ocean_post_title":"","ocean_post_subheading":"","ocean_post_title_style":"","ocean_post_title_background_color":"","ocean_post_title_background":0,"ocean_post_title_bg_image_position":"","ocean_post_title_bg_image_attachment":"","ocean_post_title_bg_image_repeat":"","ocean_post_title_bg_image_size":"","ocean_post_title_height":0,"ocean_post_title_bg_overlay":0.5,"ocean_post_title_bg_overlay_color":"","ocean_disable_breadcrumbs":"default","ocean_breadcrumbs_color":"","ocean_breadcrumbs_separator_color":"","ocean_breadcrumbs_links_color":"","ocean_breadcrumbs_links_hover_color":"","ocean_display_footer_widgets":"default","ocean_display_footer_bottom":"default","ocean_custom_footer_template":"0","ocean_post_oembed":"","ocean_post_self_hosted_media":"","ocean_post_video_embed":"","ocean_link_format":"","ocean_link_format_target":"self","ocean_quote_format":"","ocean_quote_format_link":"post","ocean_gallery_link_images":"off","ocean_gallery_id":[],"footnotes":""},"categories":[98],"tags":[],"class_list":["post-3812","post","type-post","status-publish","format-standard","has-post-thumbnail","hentry","category-caph","entry","has-media"],"yoast_head":"<!-- This site is optimized with the Yoast SEO plugin v27.3 - https:\/\/yoast.com\/product\/yoast-seo-wordpress\/ -->\n<title>Avis de concertation pr\u00e9alable sur le PCAET - Ville de Thiant<\/title>\n<meta name=\"description\" content=\"Elaboration du plan climat air \u00e9nergie territorial (PCAET) de la Porte du Hainaut : objet, organisation, modalit\u00e9s de la concertation et information du public.\" \/>\n<meta name=\"robots\" content=\"index, follow, max-snippet:-1, max-image-preview:large, max-video-preview:-1\" \/>\n<link rel=\"canonical\" href=\"https:\/\/thiant.fr\/wordpress\/avis-de-concertation-prealable-sur-le-pcaet\/\" \/>\n<meta property=\"og:locale\" content=\"fr_FR\" \/>\n<meta property=\"og:type\" content=\"article\" \/>\n<meta property=\"og:title\" content=\"Avis de concertation pr\u00e9alable sur le PCAET - Ville de Thiant\" \/>\n<meta property=\"og:description\" content=\"Elaboration du plan climat air \u00e9nergie territorial (PCAET) de la Porte du Hainaut : objet, organisation, modalit\u00e9s de la concertation et information du public.\" \/>\n<meta property=\"og:url\" content=\"https:\/\/thiant.fr\/wordpress\/avis-de-concertation-prealable-sur-le-pcaet\/\" \/>\n<meta property=\"og:site_name\" content=\"Ville de Thiant\" \/>\n<meta property=\"article:published_time\" content=\"2022-02-04T13:50:43+00:00\" \/>\n<meta property=\"article:modified_time\" content=\"2022-02-04T13:51:26+00:00\" \/>\n<meta property=\"og:image\" content=\"https:\/\/thiant.fr\/wordpress\/wp-content\/uploads\/2022\/02\/champs-eoliennes-web.jpg\" \/>\n\t<meta property=\"og:image:width\" content=\"730\" \/>\n\t<meta property=\"og:image:height\" content=\"487\" \/>\n\t<meta property=\"og:image:type\" content=\"image\/jpeg\" \/>\n<meta name=\"author\" content=\"Service communication\" \/>\n<meta name=\"twitter:card\" content=\"summary_large_image\" \/>\n<meta name=\"twitter:label1\" content=\"\u00c9crit par\" \/>\n\t<meta name=\"twitter:data1\" content=\"Service communication\" \/>\n\t<meta name=\"twitter:label2\" content=\"Dur\u00e9e de lecture estim\u00e9e\" \/>\n\t<meta name=\"twitter:data2\" content=\"4 minutes\" \/>\n<script type=\"application\/ld+json\" class=\"yoast-schema-graph\">{\"@context\":\"https:\\\/\\\/schema.org\",\"@graph\":[{\"@type\":\"Article\",\"@id\":\"https:\\\/\\\/thiant.fr\\\/wordpress\\\/avis-de-concertation-prealable-sur-le-pcaet\\\/#article\",\"isPartOf\":{\"@id\":\"https:\\\/\\\/thiant.fr\\\/wordpress\\\/avis-de-concertation-prealable-sur-le-pcaet\\\/\"},\"author\":{\"name\":\"Service communication\",\"@id\":\"https:\\\/\\\/thiant.fr\\\/wordpress\\\/#\\\/schema\\\/person\\\/f41122130d18c0720657431d990451c6\"},\"headline\":\"Avis de concertation pr\u00e9alable sur le PCAET\",\"datePublished\":\"2022-02-04T13:50:43+00:00\",\"dateModified\":\"2022-02-04T13:51:26+00:00\",\"mainEntityOfPage\":{\"@id\":\"https:\\\/\\\/thiant.fr\\\/wordpress\\\/avis-de-concertation-prealable-sur-le-pcaet\\\/\"},\"wordCount\":717,\"publisher\":{\"@id\":\"https:\\\/\\\/thiant.fr\\\/wordpress\\\/#organization\"},\"image\":{\"@id\":\"https:\\\/\\\/thiant.fr\\\/wordpress\\\/avis-de-concertation-prealable-sur-le-pcaet\\\/#primaryimage\"},\"thumbnailUrl\":\"https:\\\/\\\/thiant.fr\\\/wordpress\\\/wp-content\\\/uploads\\\/2022\\\/02\\\/champs-eoliennes-web.jpg\",\"articleSection\":[\"CAPH\"],\"inLanguage\":\"fr-FR\"},{\"@type\":\"WebPage\",\"@id\":\"https:\\\/\\\/thiant.fr\\\/wordpress\\\/avis-de-concertation-prealable-sur-le-pcaet\\\/\",\"url\":\"https:\\\/\\\/thiant.fr\\\/wordpress\\\/avis-de-concertation-prealable-sur-le-pcaet\\\/\",\"name\":\"Avis de concertation pr\u00e9alable sur le PCAET - Ville de Thiant\",\"isPartOf\":{\"@id\":\"https:\\\/\\\/thiant.fr\\\/wordpress\\\/#website\"},\"primaryImageOfPage\":{\"@id\":\"https:\\\/\\\/thiant.fr\\\/wordpress\\\/avis-de-concertation-prealable-sur-le-pcaet\\\/#primaryimage\"},\"image\":{\"@id\":\"https:\\\/\\\/thiant.fr\\\/wordpress\\\/avis-de-concertation-prealable-sur-le-pcaet\\\/#primaryimage\"},\"thumbnailUrl\":\"https:\\\/\\\/thiant.fr\\\/wordpress\\\/wp-content\\\/uploads\\\/2022\\\/02\\\/champs-eoliennes-web.jpg\",\"datePublished\":\"2022-02-04T13:50:43+00:00\",\"dateModified\":\"2022-02-04T13:51:26+00:00\",\"description\":\"Elaboration du plan climat air \u00e9nergie territorial (PCAET) de la Porte du Hainaut : objet, organisation, modalit\u00e9s de la concertation et information du public.\",\"breadcrumb\":{\"@id\":\"https:\\\/\\\/thiant.fr\\\/wordpress\\\/avis-de-concertation-prealable-sur-le-pcaet\\\/#breadcrumb\"},\"inLanguage\":\"fr-FR\",\"potentialAction\":[{\"@type\":\"ReadAction\",\"target\":[\"https:\\\/\\\/thiant.fr\\\/wordpress\\\/avis-de-concertation-prealable-sur-le-pcaet\\\/\"]}]},{\"@type\":\"ImageObject\",\"inLanguage\":\"fr-FR\",\"@id\":\"https:\\\/\\\/thiant.fr\\\/wordpress\\\/avis-de-concertation-prealable-sur-le-pcaet\\\/#primaryimage\",\"url\":\"https:\\\/\\\/thiant.fr\\\/wordpress\\\/wp-content\\\/uploads\\\/2022\\\/02\\\/champs-eoliennes-web.jpg\",\"contentUrl\":\"https:\\\/\\\/thiant.fr\\\/wordpress\\\/wp-content\\\/uploads\\\/2022\\\/02\\\/champs-eoliennes-web.jpg\",\"width\":730,\"height\":487},{\"@type\":\"BreadcrumbList\",\"@id\":\"https:\\\/\\\/thiant.fr\\\/wordpress\\\/avis-de-concertation-prealable-sur-le-pcaet\\\/#breadcrumb\",\"itemListElement\":[{\"@type\":\"ListItem\",\"position\":1,\"name\":\"Accueil\",\"item\":\"https:\\\/\\\/thiant.fr\\\/wordpress\\\/\"},{\"@type\":\"ListItem\",\"position\":2,\"name\":\"Avis de concertation pr\u00e9alable sur le PCAET\"}]},{\"@type\":\"WebSite\",\"@id\":\"https:\\\/\\\/thiant.fr\\\/wordpress\\\/#website\",\"url\":\"https:\\\/\\\/thiant.fr\\\/wordpress\\\/\",\"name\":\"Ville de Thiant\",\"description\":\"Site officiel de la ville de Thiant\",\"publisher\":{\"@id\":\"https:\\\/\\\/thiant.fr\\\/wordpress\\\/#organization\"},\"potentialAction\":[{\"@type\":\"SearchAction\",\"target\":{\"@type\":\"EntryPoint\",\"urlTemplate\":\"https:\\\/\\\/thiant.fr\\\/wordpress\\\/?s={search_term_string}\"},\"query-input\":{\"@type\":\"PropertyValueSpecification\",\"valueRequired\":true,\"valueName\":\"search_term_string\"}}],\"inLanguage\":\"fr-FR\"},{\"@type\":\"Organization\",\"@id\":\"https:\\\/\\\/thiant.fr\\\/wordpress\\\/#organization\",\"name\":\"Ville de Thiant\",\"url\":\"https:\\\/\\\/thiant.fr\\\/wordpress\\\/\",\"logo\":{\"@type\":\"ImageObject\",\"inLanguage\":\"fr-FR\",\"@id\":\"https:\\\/\\\/thiant.fr\\\/wordpress\\\/#\\\/schema\\\/logo\\\/image\\\/\",\"url\":\"https:\\\/\\\/thiant.fr\\\/wordpress\\\/wp-content\\\/uploads\\\/2019\\\/08\\\/Thiant_Illdy_4.png\",\"contentUrl\":\"https:\\\/\\\/thiant.fr\\\/wordpress\\\/wp-content\\\/uploads\\\/2019\\\/08\\\/Thiant_Illdy_4.png\",\"width\":105,\"height\":75,\"caption\":\"Ville de Thiant\"},\"image\":{\"@id\":\"https:\\\/\\\/thiant.fr\\\/wordpress\\\/#\\\/schema\\\/logo\\\/image\\\/\"}},{\"@type\":\"Person\",\"@id\":\"https:\\\/\\\/thiant.fr\\\/wordpress\\\/#\\\/schema\\\/person\\\/f41122130d18c0720657431d990451c6\",\"name\":\"Service communication\",\"image\":{\"@type\":\"ImageObject\",\"inLanguage\":\"fr-FR\",\"@id\":\"https:\\\/\\\/secure.gravatar.com\\\/avatar\\\/527d4f1f1330a82db5a7ea7738ddeb994fd26c4537512a833d99b387808ee250?s=96&r=g\",\"url\":\"https:\\\/\\\/secure.gravatar.com\\\/avatar\\\/527d4f1f1330a82db5a7ea7738ddeb994fd26c4537512a833d99b387808ee250?s=96&r=g\",\"contentUrl\":\"https:\\\/\\\/secure.gravatar.com\\\/avatar\\\/527d4f1f1330a82db5a7ea7738ddeb994fd26c4537512a833d99b387808ee250?s=96&r=g\",\"caption\":\"Service communication\"},\"url\":\"https:\\\/\\\/thiant.fr\\\/wordpress\\\/author\\\/adminwpress\\\/\"}]}<\/script>\n<!-- \/ Yoast SEO plugin. -->","yoast_head_json":{"title":"Avis de concertation pr\u00e9alable sur le PCAET - Ville de Thiant","description":"Elaboration du plan climat air \u00e9nergie territorial (PCAET) de la Porte du Hainaut : objet, organisation, modalit\u00e9s de la concertation et information du public.","robots":{"index":"index","follow":"follow","max-snippet":"max-snippet:-1","max-image-preview":"max-image-preview:large","max-video-preview":"max-video-preview:-1"},"canonical":"https:\/\/thiant.fr\/wordpress\/avis-de-concertation-prealable-sur-le-pcaet\/","og_locale":"fr_FR","og_type":"article","og_title":"Avis de concertation pr\u00e9alable sur le PCAET - Ville de Thiant","og_description":"Elaboration du plan climat air \u00e9nergie territorial (PCAET) de la Porte du Hainaut : objet, organisation, modalit\u00e9s de la concertation et information du public.","og_url":"https:\/\/thiant.fr\/wordpress\/avis-de-concertation-prealable-sur-le-pcaet\/","og_site_name":"Ville de Thiant","article_published_time":"2022-02-04T13:50:43+00:00","article_modified_time":"2022-02-04T13:51:26+00:00","og_image":[{"width":730,"height":487,"url":"https:\/\/thiant.fr\/wordpress\/wp-content\/uploads\/2022\/02\/champs-eoliennes-web.jpg","type":"image\/jpeg"}],"author":"Service communication","twitter_card":"summary_large_image","twitter_misc":{"\u00c9crit par":"Service communication","Dur\u00e9e de lecture estim\u00e9e":"4 minutes"},"schema":{"@context":"https:\/\/schema.org","@graph":[{"@type":"Article","@id":"https:\/\/thiant.fr\/wordpress\/avis-de-concertation-prealable-sur-le-pcaet\/#article","isPartOf":{"@id":"https:\/\/thiant.fr\/wordpress\/avis-de-concertation-prealable-sur-le-pcaet\/"},"author":{"name":"Service communication","@id":"https:\/\/thiant.fr\/wordpress\/#\/schema\/person\/f41122130d18c0720657431d990451c6"},"headline":"Avis de concertation pr\u00e9alable sur le PCAET","datePublished":"2022-02-04T13:50:43+00:00","dateModified":"2022-02-04T13:51:26+00:00","mainEntityOfPage":{"@id":"https:\/\/thiant.fr\/wordpress\/avis-de-concertation-prealable-sur-le-pcaet\/"},"wordCount":717,"publisher":{"@id":"https:\/\/thiant.fr\/wordpress\/#organization"},"image":{"@id":"https:\/\/thiant.fr\/wordpress\/avis-de-concertation-prealable-sur-le-pcaet\/#primaryimage"},"thumbnailUrl":"https:\/\/thiant.fr\/wordpress\/wp-content\/uploads\/2022\/02\/champs-eoliennes-web.jpg","articleSection":["CAPH"],"inLanguage":"fr-FR"},{"@type":"WebPage","@id":"https:\/\/thiant.fr\/wordpress\/avis-de-concertation-prealable-sur-le-pcaet\/","url":"https:\/\/thiant.fr\/wordpress\/avis-de-concertation-prealable-sur-le-pcaet\/","name":"Avis de concertation pr\u00e9alable sur le PCAET - Ville de Thiant","isPartOf":{"@id":"https:\/\/thiant.fr\/wordpress\/#website"},"primaryImageOfPage":{"@id":"https:\/\/thiant.fr\/wordpress\/avis-de-concertation-prealable-sur-le-pcaet\/#primaryimage"},"image":{"@id":"https:\/\/thiant.fr\/wordpress\/avis-de-concertation-prealable-sur-le-pcaet\/#primaryimage"},"thumbnailUrl":"https:\/\/thiant.fr\/wordpress\/wp-content\/uploads\/2022\/02\/champs-eoliennes-web.jpg","datePublished":"2022-02-04T13:50:43+00:00","dateModified":"2022-02-04T13:51:26+00:00","description":"Elaboration du plan climat air \u00e9nergie territorial (PCAET) de la Porte du Hainaut : objet, organisation, modalit\u00e9s de la concertation et information du public.","breadcrumb":{"@id":"https:\/\/thiant.fr\/wordpress\/avis-de-concertation-prealable-sur-le-pcaet\/#breadcrumb"},"inLanguage":"fr-FR","potentialAction":[{"@type":"ReadAction","target":["https:\/\/thiant.fr\/wordpress\/avis-de-concertation-prealable-sur-le-pcaet\/"]}]},{"@type":"ImageObject","inLanguage":"fr-FR","@id":"https:\/\/thiant.fr\/wordpress\/avis-de-concertation-prealable-sur-le-pcaet\/#primaryimage","url":"https:\/\/thiant.fr\/wordpress\/wp-content\/uploads\/2022\/02\/champs-eoliennes-web.jpg","contentUrl":"https:\/\/thiant.fr\/wordpress\/wp-content\/uploads\/2022\/02\/champs-eoliennes-web.jpg","width":730,"height":487},{"@type":"BreadcrumbList","@id":"https:\/\/thiant.fr\/wordpress\/avis-de-concertation-prealable-sur-le-pcaet\/#breadcrumb","itemListElement":[{"@type":"ListItem","position":1,"name":"Accueil","item":"https:\/\/thiant.fr\/wordpress\/"},{"@type":"ListItem","position":2,"name":"Avis de concertation pr\u00e9alable sur le PCAET"}]},{"@type":"WebSite","@id":"https:\/\/thiant.fr\/wordpress\/#website","url":"https:\/\/thiant.fr\/wordpress\/","name":"Ville de Thiant","description":"Site officiel de la ville de Thiant","publisher":{"@id":"https:\/\/thiant.fr\/wordpress\/#organization"},"potentialAction":[{"@type":"SearchAction","target":{"@type":"EntryPoint","urlTemplate":"https:\/\/thiant.fr\/wordpress\/?s={search_term_string}"},"query-input":{"@type":"PropertyValueSpecification","valueRequired":true,"valueName":"search_term_string"}}],"inLanguage":"fr-FR"},{"@type":"Organization","@id":"https:\/\/thiant.fr\/wordpress\/#organization","name":"Ville de Thiant","url":"https:\/\/thiant.fr\/wordpress\/","logo":{"@type":"ImageObject","inLanguage":"fr-FR","@id":"https:\/\/thiant.fr\/wordpress\/#\/schema\/logo\/image\/","url":"https:\/\/thiant.fr\/wordpress\/wp-content\/uploads\/2019\/08\/Thiant_Illdy_4.png","contentUrl":"https:\/\/thiant.fr\/wordpress\/wp-content\/uploads\/2019\/08\/Thiant_Illdy_4.png","width":105,"height":75,"caption":"Ville de Thiant"},"image":{"@id":"https:\/\/thiant.fr\/wordpress\/#\/schema\/logo\/image\/"}},{"@type":"Person","@id":"https:\/\/thiant.fr\/wordpress\/#\/schema\/person\/f41122130d18c0720657431d990451c6","name":"Service communication","image":{"@type":"ImageObject","inLanguage":"fr-FR","@id":"https:\/\/secure.gravatar.com\/avatar\/527d4f1f1330a82db5a7ea7738ddeb994fd26c4537512a833d99b387808ee250?s=96&r=g","url":"https:\/\/secure.gravatar.com\/avatar\/527d4f1f1330a82db5a7ea7738ddeb994fd26c4537512a833d99b387808ee250?s=96&r=g","contentUrl":"https:\/\/secure.gravatar.com\/avatar\/527d4f1f1330a82db5a7ea7738ddeb994fd26c4537512a833d99b387808ee250?s=96&r=g","caption":"Service communication"},"url":"https:\/\/thiant.fr\/wordpress\/author\/adminwpress\/"}]}},"_links":{"self":[{"href":"https:\/\/thiant.fr\/wordpress\/wp-json\/wp\/v2\/posts\/3812","targetHints":{"allow":["GET"]}}],"collection":[{"href":"https:\/\/thiant.fr\/wordpress\/wp-json\/wp\/v2\/posts"}],"about":[{"href":"https:\/\/thiant.fr\/wordpress\/wp-json\/wp\/v2\/types\/post"}],"author":[{"embeddable":true,"href":"https:\/\/thiant.fr\/wordpress\/wp-json\/wp\/v2\/users\/1"}],"replies":[{"embeddable":true,"href":"https:\/\/thiant.fr\/wordpress\/wp-json\/wp\/v2\/comments?post=3812"}],"version-history":[{"count":0,"href":"https:\/\/thiant.fr\/wordpress\/wp-json\/wp\/v2\/posts\/3812\/revisions"}],"wp:featuredmedia":[{"embeddable":true,"href":"https:\/\/thiant.fr\/wordpress\/wp-json\/wp\/v2\/media\/3814"}],"wp:attachment":[{"href":"https:\/\/thiant.fr\/wordpress\/wp-json\/wp\/v2\/media?parent=3812"}],"wp:term":[{"taxonomy":"category","embeddable":true,"href":"https:\/\/thiant.fr\/wordpress\/wp-json\/wp\/v2\/categories?post=3812"},{"taxonomy":"post_tag","embeddable":true,"href":"https:\/\/thiant.fr\/wordpress\/wp-json\/wp\/v2\/tags?post=3812"}],"curies":[{"name":"wp","href":"https:\/\/api.w.org\/{rel}","templated":true}]}}