{"id":4580,"date":"2022-06-03T12:03:36","date_gmt":"2022-06-03T10:03:36","guid":{"rendered":"https:\/\/thiant.fr\/wordpress\/?p=4580"},"modified":"2022-06-03T14:58:19","modified_gmt":"2022-06-03T12:58:19","slug":"lage-et-vous","status":"publish","type":"post","link":"https:\/\/thiant.fr\/wordpress\/lage-et-vous\/","title":{"rendered":"L&#8217;Age et Vous"},"content":{"rendered":"\t\t<div data-elementor-type=\"wp-post\" data-elementor-id=\"4580\" class=\"elementor elementor-4580\">\n\t\t\t\t\t\t<section class=\"elementor-section elementor-top-section elementor-element elementor-element-77fdd85 elementor-section-boxed elementor-section-height-default elementor-section-height-default\" data-id=\"77fdd85\" data-element_type=\"section\" data-e-type=\"section\">\n\t\t\t\t\t\t<div class=\"elementor-container elementor-column-gap-default\">\n\t\t\t\t\t<div class=\"elementor-column elementor-col-100 elementor-top-column elementor-element elementor-element-a399d5a\" data-id=\"a399d5a\" data-element_type=\"column\" data-e-type=\"column\">\n\t\t\t<div class=\"elementor-widget-wrap elementor-element-populated\">\n\t\t\t\t\t\t<div class=\"elementor-element elementor-element-923d1a8 elementor-widget elementor-widget-text-editor\" data-id=\"923d1a8\" data-element_type=\"widget\" data-e-type=\"widget\" data-widget_type=\"text-editor.default\">\n\t\t\t\t<div class=\"elementor-widget-container\">\n\t\t\t\t\t\t\t\t\t<p><span style=\"color: #333333;\">WIMOOV propose un accompagnement vers une mobilit\u00e9 autonome, durable et responsable pour tous.<\/span><\/p><p><span style=\"color: #333333;\">L\u2019enjeu de la mobilit\u00e9 des seniors est de maintenir le lien social et de favoriser leur bien-\u00eatre au quotidien. Dans ce contexte nous proposons un accompagnement collectif et\/ou individuel \u00e0 destination des seniors au sein de notre plateforme de mobilit\u00e9.<\/span><\/p><p><span style=\"color: #333333;\">Voici la liste des th\u00e9matiques d\u2019atelier\u00a0(th\u00e9orie et pratique)\u00a0:<\/span><\/p><ul><li style=\"list-style-type: none;\"><ul><li><span style=\"color: #333333;\"><strong><em><span style=\"color: #ff6600;\">S\u00e9curiser ses d\u00e9placements en voiture :<\/span>\u00a0 <\/em><\/strong>Comprendre l\u2019impact du vieillissement sur les comportements routiers, actualiser ses connaissances sur le code de la route, pr\u00e9venir et \u00e9viter les principaux risques, adopter une conduite responsable en prenant conscience de ses aptitudes et de ses limites \u00e0 la conduite automobile, savoir utiliser sa voiture de mani\u00e8re raisonn\u00e9e\u2026<\/span><\/li><li><span style=\"color: #333333;\"><span style=\"color: #008000;\"><strong><em>Conna\u00eetre les aides techniques \u00e0 la mobilit\u00e9 : <\/em><\/strong><\/span>Conna\u00eetre les aides techniques \u00e0 la mobilit\u00e9 et les v\u00e9hicules adapt\u00e9s, identifier les d\u00e9marches \u00e0 mettre en \u0153uvre et les dispositifs de financement existants\u2026<\/span><\/li><li><span style=\"color: #333333;\"><span style=\"color: #ff6600;\"><strong><em>\u00ab Remise au volant \u00bb \u00e9coresponsable : <\/em><\/strong><\/span>Se r\u00e9approprier les fondamentaux de la conduite quand on ne s\u2019est pas trouv\u00e9 en situation de conducteur depuis quelques temps, \u00e9valuer les capacit\u00e9s socio-cognitives n\u00e9cessaires \u00e0 une conduite s\u00e9curis\u00e9e, appr\u00e9hender les outils de mutualisation des v\u00e9hicules (autopartage, covoiturage\u2026)<\/span><\/li><li><span style=\"color: #333333;\"><strong><em><span style=\"color: #008000;\">Se d\u00e9placer gr\u00e2ce aux nouvelles technologies :<\/span>\u00a0 <\/em><\/strong>Se familiariser \u00e0 l\u2019utilisation des outils num\u00e9riques appliqu\u00e9s \u00e0 la mobilit\u00e9, comprendre les enjeux li\u00e9s aux d\u00e9placements, faire le lien entre territoire virtuel et territoire r\u00e9el, optimiser ses d\u00e9placements, retrouver \/ trouver de l\u2019autonomie dans la gestion de ses d\u00e9placements (organisation, r\u00e9servations\u2026)<\/span><\/li><li><span style=\"color: #333333;\"><span style=\"color: #ff6600;\"><strong><em>Comprendre et se rep\u00e9rer dans son environnement :<\/em><\/strong><\/span> Comprendre et s\u2019approprier l\u2019espace urbain d\u2019aujourd\u2019hui, s\u2019orienter\u00a0 et se rep\u00e9rer dans le temps et dans l\u2019espace, savoir lire la ville, faire \u00e9voluer ses repr\u00e9sentation mentales du territoire et se sentir en confiance\u2026<\/span><\/li><li><span style=\"color: #333333;\"><span style=\"color: #008000;\"><strong><em>Se d\u00e9placer en transports en comment <\/em><\/strong>:<\/span> S\u2019interroger sur sa propre connaissance et utilisation des transports en commun, conna\u00eetre les transports en commun de son territoire, choisir et pr\u00e9parer les trajets possibles, se sentir en s\u00e9curit\u00e9 dans les transports en commun.<\/span><\/li><li><span style=\"color: #333333;\"><span style=\"color: #ff6600;\"><strong><em>S\u00e9curiser ses d\u00e9placements pi\u00e9tons <\/em><\/strong>:<\/span> Comprendre l\u2019impact du vieillissement sur les d\u00e9placements pi\u00e9tons, actualiser ses connaissances sur le code de la route, pr\u00e9venir et \u00e9viter les principaux risques, choisir et optimiser ses trajets \u00e0 pied.<\/span><\/li><li><span style=\"color: #333333;\"><span style=\"color: #008000;\"><strong><em>Se d\u00e9placer autrement <\/em><\/strong>:<\/span> Conna\u00eetre les nouveaux modes de d\u00e9placements, comprendre les notions de multi modalit\u00e9 et d\u2019inter modalit\u00e9 pour se d\u00e9tacher de la voiture individuelle, tester de nouvelles fa\u00e7ons de se d\u00e9placer\u2026<\/span><\/li><\/ul><\/li><\/ul><p><span style=\"color: #333333;\">Nous organisons un \u00e9v\u00e9nement le <span style=\"text-decoration: underline;\">14 juin apr\u00e8s-midi<\/span> dans le cadre du <strong>\u00ab L\u2019\u00e2ge et vous, les cl\u00e9s du bien vieillir \u00bb<\/strong><\/span><\/p><p><span style=\"color: #333333;\"><strong>\u00a0<\/strong><\/span><span style=\"color: #333333;\">Il a pour objectif\u00a0:<\/span><\/p><ul><li style=\"list-style-type: none;\"><ul><li><span style=\"color: #333333;\">Accompagner les s\u00e9niors et leurs aidants au bien vieillir et notamment dans le cadre de la mobilit\u00e9<\/span><\/li><li><span style=\"color: #333333;\">Lutte contre l\u2019isolement<\/span><\/li><li><span style=\"color: #333333;\">Maintenir ou am\u00e9liorer la mobilit\u00e9 des s\u00e9niors et aidants<\/span><\/li><\/ul><\/li><\/ul><h2 style=\"text-align: center;\"><span style=\"color: #ff0000;\">INSCRIPTIONS JUSQU&#8217;AU 7 JUIN<\/span><br \/><span style=\"color: #ff0000;\">Tel. 03 27 51 98 20<\/span><br \/><span style=\"color: #ff0000;\">E-mail : ccas@beuvrages.fr<\/span><\/h2>\t\t\t\t\t\t\t\t<\/div>\n\t\t\t\t<\/div>\n\t\t\t\t\t<\/div>\n\t\t<\/div>\n\t\t\t\t\t<\/div>\n\t\t<\/section>\n\t\t\t\t<section class=\"elementor-section elementor-top-section elementor-element elementor-element-a45833b elementor-section-boxed elementor-section-height-default elementor-section-height-default\" data-id=\"a45833b\" data-element_type=\"section\" data-e-type=\"section\">\n\t\t\t\t\t\t<div class=\"elementor-container elementor-column-gap-default\">\n\t\t\t\t\t<div class=\"elementor-column elementor-col-100 elementor-top-column elementor-element elementor-element-de2a0f9\" data-id=\"de2a0f9\" data-element_type=\"column\" data-e-type=\"column\">\n\t\t\t<div class=\"elementor-widget-wrap elementor-element-populated\">\n\t\t\t\t\t\t<div class=\"elementor-element elementor-element-98caafc elementor-widget elementor-widget-image\" data-id=\"98caafc\" data-element_type=\"widget\" data-e-type=\"widget\" data-widget_type=\"image.default\">\n\t\t\t\t<div class=\"elementor-widget-container\">\n\t\t\t\t\t\t\t\t\t\t\t\t\t\t\t<img fetchpriority=\"high\" decoding=\"async\" width=\"574\" height=\"800\" src=\"https:\/\/thiant.fr\/wordpress\/wp-content\/uploads\/2022\/06\/WIMOOV_L-AGE-ET-VOUS_140622.png\" class=\"attachment-large size-large wp-image-4579\" alt=\"\" srcset=\"https:\/\/thiant.fr\/wordpress\/wp-content\/uploads\/2022\/06\/WIMOOV_L-AGE-ET-VOUS_140622.png 574w, https:\/\/thiant.fr\/wordpress\/wp-content\/uploads\/2022\/06\/WIMOOV_L-AGE-ET-VOUS_140622-215x300.png 215w\" sizes=\"(max-width: 574px) 100vw, 574px\" \/>\t\t\t\t\t\t\t\t\t\t\t\t\t\t\t<\/div>\n\t\t\t\t<\/div>\n\t\t\t\t\t<\/div>\n\t\t<\/div>\n\t\t\t\t\t<\/div>\n\t\t<\/section>\n\t\t\t\t<\/div>\n\t\t","protected":false},"excerpt":{"rendered":"<p>WIMOOV propose un accompagnement vers une mobilit\u00e9 autonome, durable et responsable pour tous. L\u2019enjeu de la mobilit\u00e9 des seniors est de maintenir le lien social et de favoriser leur bien-\u00eatre au quotidien. Dans ce contexte nous proposons un accompagnement collectif et\/ou individuel \u00e0 destination des seniors au sein de notre plateforme de mobilit\u00e9. Voici la [&hellip;]<\/p>\n","protected":false},"author":1,"featured_media":4581,"comment_status":"closed","ping_status":"closed","sticky":false,"template":"","format":"standard","meta":{"_crdt_document":"","ocean_post_layout":"","ocean_both_sidebars_style":"","ocean_both_sidebars_content_width":0,"ocean_both_sidebars_sidebars_width":0,"ocean_sidebar":"0","ocean_second_sidebar":"0","ocean_disable_margins":"enable","ocean_add_body_class":"","ocean_shortcode_before_top_bar":"","ocean_shortcode_after_top_bar":"","ocean_shortcode_before_header":"","ocean_shortcode_after_header":"","ocean_has_shortcode":"","ocean_shortcode_after_title":"","ocean_shortcode_before_footer_widgets":"","ocean_shortcode_after_footer_widgets":"","ocean_shortcode_before_footer_bottom":"","ocean_shortcode_after_footer_bottom":"","ocean_display_top_bar":"default","ocean_display_header":"default","ocean_header_style":"","ocean_center_header_left_menu":"0","ocean_custom_header_template":"0","ocean_custom_logo":0,"ocean_custom_retina_logo":0,"ocean_custom_logo_max_width":0,"ocean_custom_logo_tablet_max_width":0,"ocean_custom_logo_mobile_max_width":0,"ocean_custom_logo_max_height":0,"ocean_custom_logo_tablet_max_height":0,"ocean_custom_logo_mobile_max_height":0,"ocean_header_custom_menu":"0","ocean_menu_typo_font_family":"0","ocean_menu_typo_font_subset":"","ocean_menu_typo_font_size":0,"ocean_menu_typo_font_size_tablet":0,"ocean_menu_typo_font_size_mobile":0,"ocean_menu_typo_font_size_unit":"px","ocean_menu_typo_font_weight":"","ocean_menu_typo_font_weight_tablet":"","ocean_menu_typo_font_weight_mobile":"","ocean_menu_typo_transform":"","ocean_menu_typo_transform_tablet":"","ocean_menu_typo_transform_mobile":"","ocean_menu_typo_line_height":0,"ocean_menu_typo_line_height_tablet":0,"ocean_menu_typo_line_height_mobile":0,"ocean_menu_typo_line_height_unit":"","ocean_menu_typo_spacing":0,"ocean_menu_typo_spacing_tablet":0,"ocean_menu_typo_spacing_mobile":0,"ocean_menu_typo_spacing_unit":"","ocean_menu_link_color":"","ocean_menu_link_color_hover":"","ocean_menu_link_color_active":"","ocean_menu_link_background":"","ocean_menu_link_hover_background":"","ocean_menu_link_active_background":"","ocean_menu_social_links_bg":"","ocean_menu_social_hover_links_bg":"","ocean_menu_social_links_color":"","ocean_menu_social_hover_links_color":"","ocean_disable_title":"default","ocean_disable_heading":"default","ocean_post_title":"","ocean_post_subheading":"","ocean_post_title_style":"","ocean_post_title_background_color":"","ocean_post_title_background":0,"ocean_post_title_bg_image_position":"","ocean_post_title_bg_image_attachment":"","ocean_post_title_bg_image_repeat":"","ocean_post_title_bg_image_size":"","ocean_post_title_height":0,"ocean_post_title_bg_overlay":0.5,"ocean_post_title_bg_overlay_color":"","ocean_disable_breadcrumbs":"default","ocean_breadcrumbs_color":"","ocean_breadcrumbs_separator_color":"","ocean_breadcrumbs_links_color":"","ocean_breadcrumbs_links_hover_color":"","ocean_display_footer_widgets":"default","ocean_display_footer_bottom":"default","ocean_custom_footer_template":"0","ocean_post_oembed":"","ocean_post_self_hosted_media":"","ocean_post_video_embed":"","ocean_link_format":"","ocean_link_format_target":"self","ocean_quote_format":"","ocean_quote_format_link":"post","ocean_gallery_link_images":"off","ocean_gallery_id":[],"footnotes":""},"categories":[355],"tags":[702,700,706,699,703,705,701,469,704,707],"class_list":["post-4580","post","type-post","status-publish","format-standard","has-post-thumbnail","hentry","category-ccas","tag-aides-techniques","tag-autonomie","tag-autrement","tag-mobilite","tag-nouvelles-technologies","tag-pietons","tag-securiser-ses-deplacements-en-voiture","tag-seniors","tag-transports","tag-wimoov","entry","has-media"],"yoast_head":"<!-- This site is optimized with the Yoast SEO plugin v27.3 - https:\/\/yoast.com\/product\/yoast-seo-wordpress\/ -->\n<title>L&#039;Age et Vous - Ville de Thiant<\/title>\n<meta name=\"description\" content=\"WIMOOV propose un accompagnement vers une mobilit\u00e9 autonome, durable et responsable pour tous. Venez vous informer !\" \/>\n<meta name=\"robots\" content=\"index, follow, max-snippet:-1, max-image-preview:large, max-video-preview:-1\" \/>\n<link rel=\"canonical\" href=\"https:\/\/thiant.fr\/wordpress\/lage-et-vous\/\" \/>\n<meta property=\"og:locale\" content=\"fr_FR\" \/>\n<meta property=\"og:type\" content=\"article\" \/>\n<meta property=\"og:title\" content=\"L&#039;Age et Vous - Ville de Thiant\" \/>\n<meta property=\"og:description\" content=\"WIMOOV propose un accompagnement vers une mobilit\u00e9 autonome, durable et responsable pour tous. Venez vous informer !\" \/>\n<meta property=\"og:url\" content=\"https:\/\/thiant.fr\/wordpress\/lage-et-vous\/\" \/>\n<meta property=\"og:site_name\" content=\"Ville de Thiant\" \/>\n<meta property=\"article:published_time\" content=\"2022-06-03T10:03:36+00:00\" \/>\n<meta property=\"article:modified_time\" content=\"2022-06-03T12:58:19+00:00\" \/>\n<meta property=\"og:image\" content=\"https:\/\/thiant.fr\/wordpress\/wp-content\/uploads\/2022\/06\/L-AGE-ET-VOUS.png\" \/>\n\t<meta property=\"og:image:width\" content=\"730\" \/>\n\t<meta property=\"og:image:height\" content=\"481\" \/>\n\t<meta property=\"og:image:type\" content=\"image\/png\" \/>\n<meta name=\"author\" content=\"Service communication\" \/>\n<meta name=\"twitter:card\" content=\"summary_large_image\" \/>\n<meta name=\"twitter:label1\" content=\"\u00c9crit par\" \/>\n\t<meta name=\"twitter:data1\" content=\"Service communication\" \/>\n\t<meta name=\"twitter:label2\" content=\"Dur\u00e9e de lecture estim\u00e9e\" \/>\n\t<meta name=\"twitter:data2\" content=\"3 minutes\" \/>\n<script type=\"application\/ld+json\" class=\"yoast-schema-graph\">{\"@context\":\"https:\\\/\\\/schema.org\",\"@graph\":[{\"@type\":\"Article\",\"@id\":\"https:\\\/\\\/thiant.fr\\\/wordpress\\\/lage-et-vous\\\/#article\",\"isPartOf\":{\"@id\":\"https:\\\/\\\/thiant.fr\\\/wordpress\\\/lage-et-vous\\\/\"},\"author\":{\"name\":\"Service communication\",\"@id\":\"https:\\\/\\\/thiant.fr\\\/wordpress\\\/#\\\/schema\\\/person\\\/f41122130d18c0720657431d990451c6\"},\"headline\":\"L&#8217;Age et Vous\",\"datePublished\":\"2022-06-03T10:03:36+00:00\",\"dateModified\":\"2022-06-03T12:58:19+00:00\",\"mainEntityOfPage\":{\"@id\":\"https:\\\/\\\/thiant.fr\\\/wordpress\\\/lage-et-vous\\\/\"},\"wordCount\":516,\"publisher\":{\"@id\":\"https:\\\/\\\/thiant.fr\\\/wordpress\\\/#organization\"},\"image\":{\"@id\":\"https:\\\/\\\/thiant.fr\\\/wordpress\\\/lage-et-vous\\\/#primaryimage\"},\"thumbnailUrl\":\"https:\\\/\\\/thiant.fr\\\/wordpress\\\/wp-content\\\/uploads\\\/2022\\\/06\\\/L-AGE-ET-VOUS.png\",\"keywords\":[\"aides techniques\",\"autonomie\",\"autrement\",\"mobilit\u00e9\",\"nouvelles technologies\",\"pi\u00e9tons\",\"securiser ses deplacements en voiture\",\"seniors\",\"transports\",\"WIMOOV\"],\"articleSection\":[\"CCAS\"],\"inLanguage\":\"fr-FR\"},{\"@type\":\"WebPage\",\"@id\":\"https:\\\/\\\/thiant.fr\\\/wordpress\\\/lage-et-vous\\\/\",\"url\":\"https:\\\/\\\/thiant.fr\\\/wordpress\\\/lage-et-vous\\\/\",\"name\":\"L'Age et Vous - Ville de Thiant\",\"isPartOf\":{\"@id\":\"https:\\\/\\\/thiant.fr\\\/wordpress\\\/#website\"},\"primaryImageOfPage\":{\"@id\":\"https:\\\/\\\/thiant.fr\\\/wordpress\\\/lage-et-vous\\\/#primaryimage\"},\"image\":{\"@id\":\"https:\\\/\\\/thiant.fr\\\/wordpress\\\/lage-et-vous\\\/#primaryimage\"},\"thumbnailUrl\":\"https:\\\/\\\/thiant.fr\\\/wordpress\\\/wp-content\\\/uploads\\\/2022\\\/06\\\/L-AGE-ET-VOUS.png\",\"datePublished\":\"2022-06-03T10:03:36+00:00\",\"dateModified\":\"2022-06-03T12:58:19+00:00\",\"description\":\"WIMOOV propose un accompagnement vers une mobilit\u00e9 autonome, durable et responsable pour tous. Venez vous informer !\",\"breadcrumb\":{\"@id\":\"https:\\\/\\\/thiant.fr\\\/wordpress\\\/lage-et-vous\\\/#breadcrumb\"},\"inLanguage\":\"fr-FR\",\"potentialAction\":[{\"@type\":\"ReadAction\",\"target\":[\"https:\\\/\\\/thiant.fr\\\/wordpress\\\/lage-et-vous\\\/\"]}]},{\"@type\":\"ImageObject\",\"inLanguage\":\"fr-FR\",\"@id\":\"https:\\\/\\\/thiant.fr\\\/wordpress\\\/lage-et-vous\\\/#primaryimage\",\"url\":\"https:\\\/\\\/thiant.fr\\\/wordpress\\\/wp-content\\\/uploads\\\/2022\\\/06\\\/L-AGE-ET-VOUS.png\",\"contentUrl\":\"https:\\\/\\\/thiant.fr\\\/wordpress\\\/wp-content\\\/uploads\\\/2022\\\/06\\\/L-AGE-ET-VOUS.png\",\"width\":730,\"height\":481},{\"@type\":\"BreadcrumbList\",\"@id\":\"https:\\\/\\\/thiant.fr\\\/wordpress\\\/lage-et-vous\\\/#breadcrumb\",\"itemListElement\":[{\"@type\":\"ListItem\",\"position\":1,\"name\":\"Accueil\",\"item\":\"https:\\\/\\\/thiant.fr\\\/wordpress\\\/\"},{\"@type\":\"ListItem\",\"position\":2,\"name\":\"L&#8217;Age et Vous\"}]},{\"@type\":\"WebSite\",\"@id\":\"https:\\\/\\\/thiant.fr\\\/wordpress\\\/#website\",\"url\":\"https:\\\/\\\/thiant.fr\\\/wordpress\\\/\",\"name\":\"Ville de Thiant\",\"description\":\"Site officiel de la ville de Thiant\",\"publisher\":{\"@id\":\"https:\\\/\\\/thiant.fr\\\/wordpress\\\/#organization\"},\"potentialAction\":[{\"@type\":\"SearchAction\",\"target\":{\"@type\":\"EntryPoint\",\"urlTemplate\":\"https:\\\/\\\/thiant.fr\\\/wordpress\\\/?s={search_term_string}\"},\"query-input\":{\"@type\":\"PropertyValueSpecification\",\"valueRequired\":true,\"valueName\":\"search_term_string\"}}],\"inLanguage\":\"fr-FR\"},{\"@type\":\"Organization\",\"@id\":\"https:\\\/\\\/thiant.fr\\\/wordpress\\\/#organization\",\"name\":\"Ville de Thiant\",\"url\":\"https:\\\/\\\/thiant.fr\\\/wordpress\\\/\",\"logo\":{\"@type\":\"ImageObject\",\"inLanguage\":\"fr-FR\",\"@id\":\"https:\\\/\\\/thiant.fr\\\/wordpress\\\/#\\\/schema\\\/logo\\\/image\\\/\",\"url\":\"https:\\\/\\\/thiant.fr\\\/wordpress\\\/wp-content\\\/uploads\\\/2019\\\/08\\\/Thiant_Illdy_4.png\",\"contentUrl\":\"https:\\\/\\\/thiant.fr\\\/wordpress\\\/wp-content\\\/uploads\\\/2019\\\/08\\\/Thiant_Illdy_4.png\",\"width\":105,\"height\":75,\"caption\":\"Ville de Thiant\"},\"image\":{\"@id\":\"https:\\\/\\\/thiant.fr\\\/wordpress\\\/#\\\/schema\\\/logo\\\/image\\\/\"}},{\"@type\":\"Person\",\"@id\":\"https:\\\/\\\/thiant.fr\\\/wordpress\\\/#\\\/schema\\\/person\\\/f41122130d18c0720657431d990451c6\",\"name\":\"Service communication\",\"image\":{\"@type\":\"ImageObject\",\"inLanguage\":\"fr-FR\",\"@id\":\"https:\\\/\\\/secure.gravatar.com\\\/avatar\\\/527d4f1f1330a82db5a7ea7738ddeb994fd26c4537512a833d99b387808ee250?s=96&r=g\",\"url\":\"https:\\\/\\\/secure.gravatar.com\\\/avatar\\\/527d4f1f1330a82db5a7ea7738ddeb994fd26c4537512a833d99b387808ee250?s=96&r=g\",\"contentUrl\":\"https:\\\/\\\/secure.gravatar.com\\\/avatar\\\/527d4f1f1330a82db5a7ea7738ddeb994fd26c4537512a833d99b387808ee250?s=96&r=g\",\"caption\":\"Service communication\"},\"url\":\"https:\\\/\\\/thiant.fr\\\/wordpress\\\/author\\\/adminwpress\\\/\"}]}<\/script>\n<!-- \/ Yoast SEO plugin. -->","yoast_head_json":{"title":"L'Age et Vous - Ville de Thiant","description":"WIMOOV propose un accompagnement vers une mobilit\u00e9 autonome, durable et responsable pour tous. Venez vous informer !","robots":{"index":"index","follow":"follow","max-snippet":"max-snippet:-1","max-image-preview":"max-image-preview:large","max-video-preview":"max-video-preview:-1"},"canonical":"https:\/\/thiant.fr\/wordpress\/lage-et-vous\/","og_locale":"fr_FR","og_type":"article","og_title":"L'Age et Vous - Ville de Thiant","og_description":"WIMOOV propose un accompagnement vers une mobilit\u00e9 autonome, durable et responsable pour tous. Venez vous informer !","og_url":"https:\/\/thiant.fr\/wordpress\/lage-et-vous\/","og_site_name":"Ville de Thiant","article_published_time":"2022-06-03T10:03:36+00:00","article_modified_time":"2022-06-03T12:58:19+00:00","og_image":[{"width":730,"height":481,"url":"https:\/\/thiant.fr\/wordpress\/wp-content\/uploads\/2022\/06\/L-AGE-ET-VOUS.png","type":"image\/png"}],"author":"Service communication","twitter_card":"summary_large_image","twitter_misc":{"\u00c9crit par":"Service communication","Dur\u00e9e de lecture estim\u00e9e":"3 minutes"},"schema":{"@context":"https:\/\/schema.org","@graph":[{"@type":"Article","@id":"https:\/\/thiant.fr\/wordpress\/lage-et-vous\/#article","isPartOf":{"@id":"https:\/\/thiant.fr\/wordpress\/lage-et-vous\/"},"author":{"name":"Service communication","@id":"https:\/\/thiant.fr\/wordpress\/#\/schema\/person\/f41122130d18c0720657431d990451c6"},"headline":"L&#8217;Age et Vous","datePublished":"2022-06-03T10:03:36+00:00","dateModified":"2022-06-03T12:58:19+00:00","mainEntityOfPage":{"@id":"https:\/\/thiant.fr\/wordpress\/lage-et-vous\/"},"wordCount":516,"publisher":{"@id":"https:\/\/thiant.fr\/wordpress\/#organization"},"image":{"@id":"https:\/\/thiant.fr\/wordpress\/lage-et-vous\/#primaryimage"},"thumbnailUrl":"https:\/\/thiant.fr\/wordpress\/wp-content\/uploads\/2022\/06\/L-AGE-ET-VOUS.png","keywords":["aides techniques","autonomie","autrement","mobilit\u00e9","nouvelles technologies","pi\u00e9tons","securiser ses deplacements en voiture","seniors","transports","WIMOOV"],"articleSection":["CCAS"],"inLanguage":"fr-FR"},{"@type":"WebPage","@id":"https:\/\/thiant.fr\/wordpress\/lage-et-vous\/","url":"https:\/\/thiant.fr\/wordpress\/lage-et-vous\/","name":"L'Age et Vous - Ville de Thiant","isPartOf":{"@id":"https:\/\/thiant.fr\/wordpress\/#website"},"primaryImageOfPage":{"@id":"https:\/\/thiant.fr\/wordpress\/lage-et-vous\/#primaryimage"},"image":{"@id":"https:\/\/thiant.fr\/wordpress\/lage-et-vous\/#primaryimage"},"thumbnailUrl":"https:\/\/thiant.fr\/wordpress\/wp-content\/uploads\/2022\/06\/L-AGE-ET-VOUS.png","datePublished":"2022-06-03T10:03:36+00:00","dateModified":"2022-06-03T12:58:19+00:00","description":"WIMOOV propose un accompagnement vers une mobilit\u00e9 autonome, durable et responsable pour tous. Venez vous informer !","breadcrumb":{"@id":"https:\/\/thiant.fr\/wordpress\/lage-et-vous\/#breadcrumb"},"inLanguage":"fr-FR","potentialAction":[{"@type":"ReadAction","target":["https:\/\/thiant.fr\/wordpress\/lage-et-vous\/"]}]},{"@type":"ImageObject","inLanguage":"fr-FR","@id":"https:\/\/thiant.fr\/wordpress\/lage-et-vous\/#primaryimage","url":"https:\/\/thiant.fr\/wordpress\/wp-content\/uploads\/2022\/06\/L-AGE-ET-VOUS.png","contentUrl":"https:\/\/thiant.fr\/wordpress\/wp-content\/uploads\/2022\/06\/L-AGE-ET-VOUS.png","width":730,"height":481},{"@type":"BreadcrumbList","@id":"https:\/\/thiant.fr\/wordpress\/lage-et-vous\/#breadcrumb","itemListElement":[{"@type":"ListItem","position":1,"name":"Accueil","item":"https:\/\/thiant.fr\/wordpress\/"},{"@type":"ListItem","position":2,"name":"L&#8217;Age et Vous"}]},{"@type":"WebSite","@id":"https:\/\/thiant.fr\/wordpress\/#website","url":"https:\/\/thiant.fr\/wordpress\/","name":"Ville de Thiant","description":"Site officiel de la ville de Thiant","publisher":{"@id":"https:\/\/thiant.fr\/wordpress\/#organization"},"potentialAction":[{"@type":"SearchAction","target":{"@type":"EntryPoint","urlTemplate":"https:\/\/thiant.fr\/wordpress\/?s={search_term_string}"},"query-input":{"@type":"PropertyValueSpecification","valueRequired":true,"valueName":"search_term_string"}}],"inLanguage":"fr-FR"},{"@type":"Organization","@id":"https:\/\/thiant.fr\/wordpress\/#organization","name":"Ville de Thiant","url":"https:\/\/thiant.fr\/wordpress\/","logo":{"@type":"ImageObject","inLanguage":"fr-FR","@id":"https:\/\/thiant.fr\/wordpress\/#\/schema\/logo\/image\/","url":"https:\/\/thiant.fr\/wordpress\/wp-content\/uploads\/2019\/08\/Thiant_Illdy_4.png","contentUrl":"https:\/\/thiant.fr\/wordpress\/wp-content\/uploads\/2019\/08\/Thiant_Illdy_4.png","width":105,"height":75,"caption":"Ville de Thiant"},"image":{"@id":"https:\/\/thiant.fr\/wordpress\/#\/schema\/logo\/image\/"}},{"@type":"Person","@id":"https:\/\/thiant.fr\/wordpress\/#\/schema\/person\/f41122130d18c0720657431d990451c6","name":"Service communication","image":{"@type":"ImageObject","inLanguage":"fr-FR","@id":"https:\/\/secure.gravatar.com\/avatar\/527d4f1f1330a82db5a7ea7738ddeb994fd26c4537512a833d99b387808ee250?s=96&r=g","url":"https:\/\/secure.gravatar.com\/avatar\/527d4f1f1330a82db5a7ea7738ddeb994fd26c4537512a833d99b387808ee250?s=96&r=g","contentUrl":"https:\/\/secure.gravatar.com\/avatar\/527d4f1f1330a82db5a7ea7738ddeb994fd26c4537512a833d99b387808ee250?s=96&r=g","caption":"Service communication"},"url":"https:\/\/thiant.fr\/wordpress\/author\/adminwpress\/"}]}},"_links":{"self":[{"href":"https:\/\/thiant.fr\/wordpress\/wp-json\/wp\/v2\/posts\/4580","targetHints":{"allow":["GET"]}}],"collection":[{"href":"https:\/\/thiant.fr\/wordpress\/wp-json\/wp\/v2\/posts"}],"about":[{"href":"https:\/\/thiant.fr\/wordpress\/wp-json\/wp\/v2\/types\/post"}],"author":[{"embeddable":true,"href":"https:\/\/thiant.fr\/wordpress\/wp-json\/wp\/v2\/users\/1"}],"replies":[{"embeddable":true,"href":"https:\/\/thiant.fr\/wordpress\/wp-json\/wp\/v2\/comments?post=4580"}],"version-history":[{"count":0,"href":"https:\/\/thiant.fr\/wordpress\/wp-json\/wp\/v2\/posts\/4580\/revisions"}],"wp:featuredmedia":[{"embeddable":true,"href":"https:\/\/thiant.fr\/wordpress\/wp-json\/wp\/v2\/media\/4581"}],"wp:attachment":[{"href":"https:\/\/thiant.fr\/wordpress\/wp-json\/wp\/v2\/media?parent=4580"}],"wp:term":[{"taxonomy":"category","embeddable":true,"href":"https:\/\/thiant.fr\/wordpress\/wp-json\/wp\/v2\/categories?post=4580"},{"taxonomy":"post_tag","embeddable":true,"href":"https:\/\/thiant.fr\/wordpress\/wp-json\/wp\/v2\/tags?post=4580"}],"curies":[{"name":"wp","href":"https:\/\/api.w.org\/{rel}","templated":true}]}}