{"id":4591,"date":"2022-06-03T15:14:40","date_gmt":"2022-06-03T13:14:40","guid":{"rendered":"https:\/\/thiant.fr\/wordpress\/?p=4591"},"modified":"2022-06-03T15:52:20","modified_gmt":"2022-06-03T13:52:20","slug":"travaux-sur-la2","status":"publish","type":"post","link":"https:\/\/thiant.fr\/wordpress\/travaux-sur-la2\/","title":{"rendered":"Travaux sur l&#8217;A2"},"content":{"rendered":"\t\t<div data-elementor-type=\"wp-post\" data-elementor-id=\"4591\" class=\"elementor elementor-4591\">\n\t\t\t\t\t\t<section class=\"elementor-section elementor-top-section elementor-element elementor-element-c0bf4ff elementor-section-boxed elementor-section-height-default elementor-section-height-default\" data-id=\"c0bf4ff\" data-element_type=\"section\" data-e-type=\"section\">\n\t\t\t\t\t\t<div class=\"elementor-container elementor-column-gap-default\">\n\t\t\t\t\t<div class=\"elementor-column elementor-col-33 elementor-top-column elementor-element elementor-element-27aead4\" data-id=\"27aead4\" data-element_type=\"column\" data-e-type=\"column\">\n\t\t\t<div class=\"elementor-widget-wrap elementor-element-populated\">\n\t\t\t\t\t\t<div class=\"elementor-element elementor-element-91144f3 elementor-widget elementor-widget-image\" data-id=\"91144f3\" data-element_type=\"widget\" data-e-type=\"widget\" data-widget_type=\"image.default\">\n\t\t\t\t<div class=\"elementor-widget-container\">\n\t\t\t\t\t\t\t\t\t\t\t\t\t\t\t<img fetchpriority=\"high\" decoding=\"async\" width=\"638\" height=\"452\" src=\"https:\/\/thiant.fr\/wordpress\/wp-content\/uploads\/2022\/06\/Ministere-transition-ecologique.png\" class=\"attachment-large size-large wp-image-4594\" alt=\"\" srcset=\"https:\/\/thiant.fr\/wordpress\/wp-content\/uploads\/2022\/06\/Ministere-transition-ecologique.png 638w, https:\/\/thiant.fr\/wordpress\/wp-content\/uploads\/2022\/06\/Ministere-transition-ecologique-300x213.png 300w\" sizes=\"(max-width: 638px) 100vw, 638px\" \/>\t\t\t\t\t\t\t\t\t\t\t\t\t\t\t<\/div>\n\t\t\t\t<\/div>\n\t\t\t\t\t<\/div>\n\t\t<\/div>\n\t\t\t\t<div class=\"elementor-column elementor-col-66 elementor-top-column elementor-element elementor-element-ec966c1\" data-id=\"ec966c1\" data-element_type=\"column\" data-e-type=\"column\">\n\t\t\t<div class=\"elementor-widget-wrap elementor-element-populated\">\n\t\t\t\t\t\t<div class=\"elementor-element elementor-element-a2bc642 elementor-widget elementor-widget-text-editor\" data-id=\"a2bc642\" data-element_type=\"widget\" data-e-type=\"widget\" data-widget_type=\"text-editor.default\">\n\t\t\t\t<div class=\"elementor-widget-container\">\n\t\t\t\t\t\t\t\t\t<p><span style=\"color: #333333;\">Dans le cadre de son programme d\u2019entretien du r\u00e9seau routier national g\u00e9r\u00e9 par l\u2019\u00c9tat, la Direction Interd\u00e9partementale des Routes Nord (DIR Nord) proc\u00e9dera \u00e0 des travaux pr\u00e9paratoires sur l\u2019A2, entre Valenciennes et Onnaing \u00e0 partir du 3 juin au soir. Ces derniers consisteront en des op\u00e9rations de d\u00e9rasement, des r\u00e9parations de glissi\u00e8res de s\u00e9curit\u00e9 et \u00e0 l\u2019am\u00e9nagement de terres plein centraux. Ils seront ensuite suivis par des travaux de r\u00e9fection de la chauss\u00e9e qui feront l\u2019objet d\u2019un communiqu\u00e9 de presse ult\u00e9rieur. Le montant global des travaux sur cette portion de l\u2019A2 s\u2019\u00e9l\u00e8ve \u00e0 8,7 M\u20ac pour 10 km de lin\u00e9aire.<\/span><\/p><p><strong><span style=\"color: #333333;\">Les restrictions suivantes s\u2019effectueront de nuit garantissant une g\u00eane minime \u00e0 l\u2019usager : <\/span><\/strong><br \/><span style=\"color: #333333;\">Des fermetures de voies non simultan\u00e9es et ponctuelles auront lieu sur environ 10 km entre les communes de Valenciennes et d\u2019Estreux dans les deux sens de circulation.<\/span><\/p><p><strong><span style=\"color: #333333;\">Les restrictions suivantes s\u2019effectueront de jour ou de nuit : <\/span><\/strong><br \/><span style=\"color: #333333;\">Des fermetures de voies non simultan\u00e9es et ponctuelles auront lieu sur environ 5 km entre les communes d\u2019Estreux et d\u2019Onnaing dans les deux sens de circulation.<\/span><\/p><p><strong><span style=\"color: #333333;\">Sens Paris \u2192 Bruxelles<\/span><\/strong><br \/><span style=\"color: #333333;\">La bretelle de sortie n\u00b021b (Valenciennes-centre) et la bretelle d\u2019entr\u00e9e vers Bruxelles de l\u2019\u00e9changeur n\u00b021 seront ferm\u00e9es.<\/span><br \/><span style=\"color: #333333;\">Pour pallier la sortie ferm\u00e9e, les usagers emprunteront en amont la sortie du m\u00eame \u00e9changeur.<\/span><br \/><span style=\"color: #333333;\">En entr\u00e9e vers Bruxelles, les usagers continueront sur la D958 en direction d\u2019Aulnoy-lez-Valenciennes puis acc\u00e9deront \u00e0 l\u2019A2 vers Bruxelles via la seconde entr\u00e9e de l\u2019\u00e9changeur n\u00b021.<\/span><\/p><p><strong><span style=\"color: #333333;\">Sens Bruxelles \u2192 Paris<\/span><\/strong><br \/><span style=\"color: #333333;\">La bretelle de sortie n\u00b021a (Aulnoy-les-V.\/Solesmes\/Le Cateau) et la bretelle d\u2019entr\u00e9e vers Paris de l\u2019\u00e9changeur n\u00b021 seront ferm\u00e9s.<\/span><br \/><span style=\"color: #333333;\">Pour pallier la sortie ferm\u00e9e, les usagers emprunteront en amont la sortie du m\u00eame \u00e9changeur.<\/span><br \/><span style=\"color: #333333;\">En entr\u00e9e vers Paris, les usagers continueront sur la D958 en direction de Valenciennes-centre puis acc\u00e9deront \u00e0 l\u2019A2 vers Paris via la seconde entr\u00e9e de l\u2019\u00e9changeur n\u00b021. <\/span><\/p><p><span style=\"color: #333333;\">La DIR Nord remercie les usagers de leur compr\u00e9hension pour la g\u00eane occasionn\u00e9e.<\/span><\/p>\t\t\t\t\t\t\t\t<\/div>\n\t\t\t\t<\/div>\n\t\t\t\t\t<\/div>\n\t\t<\/div>\n\t\t\t\t\t<\/div>\n\t\t<\/section>\n\t\t\t\t<section class=\"elementor-section elementor-top-section elementor-element elementor-element-c002b7a elementor-section-boxed elementor-section-height-default elementor-section-height-default\" data-id=\"c002b7a\" data-element_type=\"section\" data-e-type=\"section\">\n\t\t\t\t\t\t<div class=\"elementor-container elementor-column-gap-default\">\n\t\t\t\t\t<div class=\"elementor-column elementor-col-100 elementor-top-column elementor-element elementor-element-a7d0c88\" data-id=\"a7d0c88\" data-element_type=\"column\" data-e-type=\"column\">\n\t\t\t<div class=\"elementor-widget-wrap elementor-element-populated\">\n\t\t\t\t\t\t<div class=\"elementor-element elementor-element-bb8b59b elementor-widget elementor-widget-image\" data-id=\"bb8b59b\" data-element_type=\"widget\" data-e-type=\"widget\" data-widget_type=\"image.default\">\n\t\t\t\t<div class=\"elementor-widget-container\">\n\t\t\t\t\t\t\t\t\t\t\t\t\t\t\t<img decoding=\"async\" width=\"730\" height=\"388\" src=\"https:\/\/thiant.fr\/wordpress\/wp-content\/uploads\/2022\/06\/Carte-A2-du-3-juin-au-8-juillet.png\" class=\"attachment-large size-large wp-image-4600\" alt=\"\" srcset=\"https:\/\/thiant.fr\/wordpress\/wp-content\/uploads\/2022\/06\/Carte-A2-du-3-juin-au-8-juillet.png 730w, https:\/\/thiant.fr\/wordpress\/wp-content\/uploads\/2022\/06\/Carte-A2-du-3-juin-au-8-juillet-300x159.png 300w\" sizes=\"(max-width: 730px) 100vw, 730px\" \/>\t\t\t\t\t\t\t\t\t\t\t\t\t\t\t<\/div>\n\t\t\t\t<\/div>\n\t\t\t\t\t<\/div>\n\t\t<\/div>\n\t\t\t\t\t<\/div>\n\t\t<\/section>\n\t\t\t\t<\/div>\n\t\t","protected":false},"excerpt":{"rendered":"<p>Dans le cadre de son programme d\u2019entretien du r\u00e9seau routier national g\u00e9r\u00e9 par l\u2019\u00c9tat, la Direction Interd\u00e9partementale des Routes Nord (DIR Nord) proc\u00e9dera \u00e0 des travaux pr\u00e9paratoires sur l\u2019A2, entre Valenciennes et Onnaing \u00e0 partir du 3 juin au soir. Ces derniers consisteront en des op\u00e9rations de d\u00e9rasement, des r\u00e9parations de glissi\u00e8res de s\u00e9curit\u00e9 et [&hellip;]<\/p>\n","protected":false},"author":1,"featured_media":4592,"comment_status":"closed","ping_status":"closed","sticky":false,"template":"","format":"standard","meta":{"_crdt_document":"","ocean_post_layout":"","ocean_both_sidebars_style":"","ocean_both_sidebars_content_width":0,"ocean_both_sidebars_sidebars_width":0,"ocean_sidebar":"0","ocean_second_sidebar":"0","ocean_disable_margins":"enable","ocean_add_body_class":"","ocean_shortcode_before_top_bar":"","ocean_shortcode_after_top_bar":"","ocean_shortcode_before_header":"","ocean_shortcode_after_header":"","ocean_has_shortcode":"","ocean_shortcode_after_title":"","ocean_shortcode_before_footer_widgets":"","ocean_shortcode_after_footer_widgets":"","ocean_shortcode_before_footer_bottom":"","ocean_shortcode_after_footer_bottom":"","ocean_display_top_bar":"default","ocean_display_header":"default","ocean_header_style":"","ocean_center_header_left_menu":"0","ocean_custom_header_template":"0","ocean_custom_logo":0,"ocean_custom_retina_logo":0,"ocean_custom_logo_max_width":0,"ocean_custom_logo_tablet_max_width":0,"ocean_custom_logo_mobile_max_width":0,"ocean_custom_logo_max_height":0,"ocean_custom_logo_tablet_max_height":0,"ocean_custom_logo_mobile_max_height":0,"ocean_header_custom_menu":"0","ocean_menu_typo_font_family":"0","ocean_menu_typo_font_subset":"","ocean_menu_typo_font_size":0,"ocean_menu_typo_font_size_tablet":0,"ocean_menu_typo_font_size_mobile":0,"ocean_menu_typo_font_size_unit":"px","ocean_menu_typo_font_weight":"","ocean_menu_typo_font_weight_tablet":"","ocean_menu_typo_font_weight_mobile":"","ocean_menu_typo_transform":"","ocean_menu_typo_transform_tablet":"","ocean_menu_typo_transform_mobile":"","ocean_menu_typo_line_height":0,"ocean_menu_typo_line_height_tablet":0,"ocean_menu_typo_line_height_mobile":0,"ocean_menu_typo_line_height_unit":"","ocean_menu_typo_spacing":0,"ocean_menu_typo_spacing_tablet":0,"ocean_menu_typo_spacing_mobile":0,"ocean_menu_typo_spacing_unit":"","ocean_menu_link_color":"","ocean_menu_link_color_hover":"","ocean_menu_link_color_active":"","ocean_menu_link_background":"","ocean_menu_link_hover_background":"","ocean_menu_link_active_background":"","ocean_menu_social_links_bg":"","ocean_menu_social_hover_links_bg":"","ocean_menu_social_links_color":"","ocean_menu_social_hover_links_color":"","ocean_disable_title":"default","ocean_disable_heading":"default","ocean_post_title":"","ocean_post_subheading":"","ocean_post_title_style":"","ocean_post_title_background_color":"","ocean_post_title_background":0,"ocean_post_title_bg_image_position":"","ocean_post_title_bg_image_attachment":"","ocean_post_title_bg_image_repeat":"","ocean_post_title_bg_image_size":"","ocean_post_title_height":0,"ocean_post_title_bg_overlay":0.5,"ocean_post_title_bg_overlay_color":"","ocean_disable_breadcrumbs":"default","ocean_breadcrumbs_color":"","ocean_breadcrumbs_separator_color":"","ocean_breadcrumbs_links_color":"","ocean_breadcrumbs_links_hover_color":"","ocean_display_footer_widgets":"default","ocean_display_footer_bottom":"default","ocean_custom_footer_template":"0","ocean_post_oembed":"","ocean_post_self_hosted_media":"","ocean_post_video_embed":"","ocean_link_format":"","ocean_link_format_target":"self","ocean_quote_format":"","ocean_quote_format_link":"post","ocean_gallery_link_images":"off","ocean_gallery_id":[],"footnotes":""},"categories":[708],"tags":[],"class_list":["post-4591","post","type-post","status-publish","format-standard","has-post-thumbnail","hentry","category-travaux","entry","has-media"],"yoast_head":"<!-- This site is optimized with the Yoast SEO plugin v27.3 - https:\/\/yoast.com\/product\/yoast-seo-wordpress\/ -->\n<title>Travaux sur l&#039;A2 - Ville de Thiant<\/title>\n<meta name=\"description\" content=\"Travaux r\u00e9paratoires sur l&#039;autoroute A2 de Valenciennes \u00e0 Onnaing du 3 juin au 8 juillet 2022. Difficult\u00e9s de circulation \u00e0 pr\u00e9voir !\" \/>\n<meta name=\"robots\" content=\"index, follow, max-snippet:-1, max-image-preview:large, max-video-preview:-1\" \/>\n<link rel=\"canonical\" href=\"https:\/\/thiant.fr\/wordpress\/travaux-sur-la2\/\" \/>\n<meta property=\"og:locale\" content=\"fr_FR\" \/>\n<meta property=\"og:type\" content=\"article\" \/>\n<meta property=\"og:title\" content=\"Travaux sur l&#039;A2 - Ville de Thiant\" \/>\n<meta property=\"og:description\" content=\"Travaux r\u00e9paratoires sur l&#039;autoroute A2 de Valenciennes \u00e0 Onnaing du 3 juin au 8 juillet 2022. Difficult\u00e9s de circulation \u00e0 pr\u00e9voir !\" \/>\n<meta property=\"og:url\" content=\"https:\/\/thiant.fr\/wordpress\/travaux-sur-la2\/\" \/>\n<meta property=\"og:site_name\" content=\"Ville de Thiant\" \/>\n<meta property=\"article:published_time\" content=\"2022-06-03T13:14:40+00:00\" \/>\n<meta property=\"article:modified_time\" content=\"2022-06-03T13:52:20+00:00\" \/>\n<meta property=\"og:image\" content=\"https:\/\/thiant.fr\/wordpress\/wp-content\/uploads\/2022\/06\/bandeau_article_web.png\" \/>\n\t<meta property=\"og:image:width\" content=\"730\" \/>\n\t<meta property=\"og:image:height\" content=\"236\" \/>\n\t<meta property=\"og:image:type\" content=\"image\/png\" \/>\n<meta name=\"author\" content=\"Service communication\" \/>\n<meta name=\"twitter:card\" content=\"summary_large_image\" \/>\n<meta name=\"twitter:label1\" content=\"\u00c9crit par\" \/>\n\t<meta name=\"twitter:data1\" content=\"Service communication\" \/>\n\t<meta name=\"twitter:label2\" content=\"Dur\u00e9e de lecture estim\u00e9e\" \/>\n\t<meta name=\"twitter:data2\" content=\"3 minutes\" \/>\n<script type=\"application\/ld+json\" class=\"yoast-schema-graph\">{\"@context\":\"https:\\\/\\\/schema.org\",\"@graph\":[{\"@type\":\"Article\",\"@id\":\"https:\\\/\\\/thiant.fr\\\/wordpress\\\/travaux-sur-la2\\\/#article\",\"isPartOf\":{\"@id\":\"https:\\\/\\\/thiant.fr\\\/wordpress\\\/travaux-sur-la2\\\/\"},\"author\":{\"name\":\"Service communication\",\"@id\":\"https:\\\/\\\/thiant.fr\\\/wordpress\\\/#\\\/schema\\\/person\\\/f41122130d18c0720657431d990451c6\"},\"headline\":\"Travaux sur l&#8217;A2\",\"datePublished\":\"2022-06-03T13:14:40+00:00\",\"dateModified\":\"2022-06-03T13:52:20+00:00\",\"mainEntityOfPage\":{\"@id\":\"https:\\\/\\\/thiant.fr\\\/wordpress\\\/travaux-sur-la2\\\/\"},\"wordCount\":366,\"publisher\":{\"@id\":\"https:\\\/\\\/thiant.fr\\\/wordpress\\\/#organization\"},\"image\":{\"@id\":\"https:\\\/\\\/thiant.fr\\\/wordpress\\\/travaux-sur-la2\\\/#primaryimage\"},\"thumbnailUrl\":\"https:\\\/\\\/thiant.fr\\\/wordpress\\\/wp-content\\\/uploads\\\/2022\\\/06\\\/bandeau_article_web.png\",\"articleSection\":[\"Travaux\"],\"inLanguage\":\"fr-FR\"},{\"@type\":\"WebPage\",\"@id\":\"https:\\\/\\\/thiant.fr\\\/wordpress\\\/travaux-sur-la2\\\/\",\"url\":\"https:\\\/\\\/thiant.fr\\\/wordpress\\\/travaux-sur-la2\\\/\",\"name\":\"Travaux sur l'A2 - Ville de Thiant\",\"isPartOf\":{\"@id\":\"https:\\\/\\\/thiant.fr\\\/wordpress\\\/#website\"},\"primaryImageOfPage\":{\"@id\":\"https:\\\/\\\/thiant.fr\\\/wordpress\\\/travaux-sur-la2\\\/#primaryimage\"},\"image\":{\"@id\":\"https:\\\/\\\/thiant.fr\\\/wordpress\\\/travaux-sur-la2\\\/#primaryimage\"},\"thumbnailUrl\":\"https:\\\/\\\/thiant.fr\\\/wordpress\\\/wp-content\\\/uploads\\\/2022\\\/06\\\/bandeau_article_web.png\",\"datePublished\":\"2022-06-03T13:14:40+00:00\",\"dateModified\":\"2022-06-03T13:52:20+00:00\",\"description\":\"Travaux r\u00e9paratoires sur l'autoroute A2 de Valenciennes \u00e0 Onnaing du 3 juin au 8 juillet 2022. Difficult\u00e9s de circulation \u00e0 pr\u00e9voir !\",\"breadcrumb\":{\"@id\":\"https:\\\/\\\/thiant.fr\\\/wordpress\\\/travaux-sur-la2\\\/#breadcrumb\"},\"inLanguage\":\"fr-FR\",\"potentialAction\":[{\"@type\":\"ReadAction\",\"target\":[\"https:\\\/\\\/thiant.fr\\\/wordpress\\\/travaux-sur-la2\\\/\"]}]},{\"@type\":\"ImageObject\",\"inLanguage\":\"fr-FR\",\"@id\":\"https:\\\/\\\/thiant.fr\\\/wordpress\\\/travaux-sur-la2\\\/#primaryimage\",\"url\":\"https:\\\/\\\/thiant.fr\\\/wordpress\\\/wp-content\\\/uploads\\\/2022\\\/06\\\/bandeau_article_web.png\",\"contentUrl\":\"https:\\\/\\\/thiant.fr\\\/wordpress\\\/wp-content\\\/uploads\\\/2022\\\/06\\\/bandeau_article_web.png\",\"width\":730,\"height\":236},{\"@type\":\"BreadcrumbList\",\"@id\":\"https:\\\/\\\/thiant.fr\\\/wordpress\\\/travaux-sur-la2\\\/#breadcrumb\",\"itemListElement\":[{\"@type\":\"ListItem\",\"position\":1,\"name\":\"Accueil\",\"item\":\"https:\\\/\\\/thiant.fr\\\/wordpress\\\/\"},{\"@type\":\"ListItem\",\"position\":2,\"name\":\"Travaux sur l&#8217;A2\"}]},{\"@type\":\"WebSite\",\"@id\":\"https:\\\/\\\/thiant.fr\\\/wordpress\\\/#website\",\"url\":\"https:\\\/\\\/thiant.fr\\\/wordpress\\\/\",\"name\":\"Ville de Thiant\",\"description\":\"Site officiel de la ville de Thiant\",\"publisher\":{\"@id\":\"https:\\\/\\\/thiant.fr\\\/wordpress\\\/#organization\"},\"potentialAction\":[{\"@type\":\"SearchAction\",\"target\":{\"@type\":\"EntryPoint\",\"urlTemplate\":\"https:\\\/\\\/thiant.fr\\\/wordpress\\\/?s={search_term_string}\"},\"query-input\":{\"@type\":\"PropertyValueSpecification\",\"valueRequired\":true,\"valueName\":\"search_term_string\"}}],\"inLanguage\":\"fr-FR\"},{\"@type\":\"Organization\",\"@id\":\"https:\\\/\\\/thiant.fr\\\/wordpress\\\/#organization\",\"name\":\"Ville de Thiant\",\"url\":\"https:\\\/\\\/thiant.fr\\\/wordpress\\\/\",\"logo\":{\"@type\":\"ImageObject\",\"inLanguage\":\"fr-FR\",\"@id\":\"https:\\\/\\\/thiant.fr\\\/wordpress\\\/#\\\/schema\\\/logo\\\/image\\\/\",\"url\":\"https:\\\/\\\/thiant.fr\\\/wordpress\\\/wp-content\\\/uploads\\\/2019\\\/08\\\/Thiant_Illdy_4.png\",\"contentUrl\":\"https:\\\/\\\/thiant.fr\\\/wordpress\\\/wp-content\\\/uploads\\\/2019\\\/08\\\/Thiant_Illdy_4.png\",\"width\":105,\"height\":75,\"caption\":\"Ville de Thiant\"},\"image\":{\"@id\":\"https:\\\/\\\/thiant.fr\\\/wordpress\\\/#\\\/schema\\\/logo\\\/image\\\/\"}},{\"@type\":\"Person\",\"@id\":\"https:\\\/\\\/thiant.fr\\\/wordpress\\\/#\\\/schema\\\/person\\\/f41122130d18c0720657431d990451c6\",\"name\":\"Service communication\",\"image\":{\"@type\":\"ImageObject\",\"inLanguage\":\"fr-FR\",\"@id\":\"https:\\\/\\\/secure.gravatar.com\\\/avatar\\\/527d4f1f1330a82db5a7ea7738ddeb994fd26c4537512a833d99b387808ee250?s=96&r=g\",\"url\":\"https:\\\/\\\/secure.gravatar.com\\\/avatar\\\/527d4f1f1330a82db5a7ea7738ddeb994fd26c4537512a833d99b387808ee250?s=96&r=g\",\"contentUrl\":\"https:\\\/\\\/secure.gravatar.com\\\/avatar\\\/527d4f1f1330a82db5a7ea7738ddeb994fd26c4537512a833d99b387808ee250?s=96&r=g\",\"caption\":\"Service communication\"},\"url\":\"https:\\\/\\\/thiant.fr\\\/wordpress\\\/author\\\/adminwpress\\\/\"}]}<\/script>\n<!-- \/ Yoast SEO plugin. -->","yoast_head_json":{"title":"Travaux sur l'A2 - Ville de Thiant","description":"Travaux r\u00e9paratoires sur l'autoroute A2 de Valenciennes \u00e0 Onnaing du 3 juin au 8 juillet 2022. Difficult\u00e9s de circulation \u00e0 pr\u00e9voir !","robots":{"index":"index","follow":"follow","max-snippet":"max-snippet:-1","max-image-preview":"max-image-preview:large","max-video-preview":"max-video-preview:-1"},"canonical":"https:\/\/thiant.fr\/wordpress\/travaux-sur-la2\/","og_locale":"fr_FR","og_type":"article","og_title":"Travaux sur l'A2 - Ville de Thiant","og_description":"Travaux r\u00e9paratoires sur l'autoroute A2 de Valenciennes \u00e0 Onnaing du 3 juin au 8 juillet 2022. Difficult\u00e9s de circulation \u00e0 pr\u00e9voir !","og_url":"https:\/\/thiant.fr\/wordpress\/travaux-sur-la2\/","og_site_name":"Ville de Thiant","article_published_time":"2022-06-03T13:14:40+00:00","article_modified_time":"2022-06-03T13:52:20+00:00","og_image":[{"width":730,"height":236,"url":"https:\/\/thiant.fr\/wordpress\/wp-content\/uploads\/2022\/06\/bandeau_article_web.png","type":"image\/png"}],"author":"Service communication","twitter_card":"summary_large_image","twitter_misc":{"\u00c9crit par":"Service communication","Dur\u00e9e de lecture estim\u00e9e":"3 minutes"},"schema":{"@context":"https:\/\/schema.org","@graph":[{"@type":"Article","@id":"https:\/\/thiant.fr\/wordpress\/travaux-sur-la2\/#article","isPartOf":{"@id":"https:\/\/thiant.fr\/wordpress\/travaux-sur-la2\/"},"author":{"name":"Service communication","@id":"https:\/\/thiant.fr\/wordpress\/#\/schema\/person\/f41122130d18c0720657431d990451c6"},"headline":"Travaux sur l&#8217;A2","datePublished":"2022-06-03T13:14:40+00:00","dateModified":"2022-06-03T13:52:20+00:00","mainEntityOfPage":{"@id":"https:\/\/thiant.fr\/wordpress\/travaux-sur-la2\/"},"wordCount":366,"publisher":{"@id":"https:\/\/thiant.fr\/wordpress\/#organization"},"image":{"@id":"https:\/\/thiant.fr\/wordpress\/travaux-sur-la2\/#primaryimage"},"thumbnailUrl":"https:\/\/thiant.fr\/wordpress\/wp-content\/uploads\/2022\/06\/bandeau_article_web.png","articleSection":["Travaux"],"inLanguage":"fr-FR"},{"@type":"WebPage","@id":"https:\/\/thiant.fr\/wordpress\/travaux-sur-la2\/","url":"https:\/\/thiant.fr\/wordpress\/travaux-sur-la2\/","name":"Travaux sur l'A2 - Ville de Thiant","isPartOf":{"@id":"https:\/\/thiant.fr\/wordpress\/#website"},"primaryImageOfPage":{"@id":"https:\/\/thiant.fr\/wordpress\/travaux-sur-la2\/#primaryimage"},"image":{"@id":"https:\/\/thiant.fr\/wordpress\/travaux-sur-la2\/#primaryimage"},"thumbnailUrl":"https:\/\/thiant.fr\/wordpress\/wp-content\/uploads\/2022\/06\/bandeau_article_web.png","datePublished":"2022-06-03T13:14:40+00:00","dateModified":"2022-06-03T13:52:20+00:00","description":"Travaux r\u00e9paratoires sur l'autoroute A2 de Valenciennes \u00e0 Onnaing du 3 juin au 8 juillet 2022. Difficult\u00e9s de circulation \u00e0 pr\u00e9voir !","breadcrumb":{"@id":"https:\/\/thiant.fr\/wordpress\/travaux-sur-la2\/#breadcrumb"},"inLanguage":"fr-FR","potentialAction":[{"@type":"ReadAction","target":["https:\/\/thiant.fr\/wordpress\/travaux-sur-la2\/"]}]},{"@type":"ImageObject","inLanguage":"fr-FR","@id":"https:\/\/thiant.fr\/wordpress\/travaux-sur-la2\/#primaryimage","url":"https:\/\/thiant.fr\/wordpress\/wp-content\/uploads\/2022\/06\/bandeau_article_web.png","contentUrl":"https:\/\/thiant.fr\/wordpress\/wp-content\/uploads\/2022\/06\/bandeau_article_web.png","width":730,"height":236},{"@type":"BreadcrumbList","@id":"https:\/\/thiant.fr\/wordpress\/travaux-sur-la2\/#breadcrumb","itemListElement":[{"@type":"ListItem","position":1,"name":"Accueil","item":"https:\/\/thiant.fr\/wordpress\/"},{"@type":"ListItem","position":2,"name":"Travaux sur l&#8217;A2"}]},{"@type":"WebSite","@id":"https:\/\/thiant.fr\/wordpress\/#website","url":"https:\/\/thiant.fr\/wordpress\/","name":"Ville de Thiant","description":"Site officiel de la ville de Thiant","publisher":{"@id":"https:\/\/thiant.fr\/wordpress\/#organization"},"potentialAction":[{"@type":"SearchAction","target":{"@type":"EntryPoint","urlTemplate":"https:\/\/thiant.fr\/wordpress\/?s={search_term_string}"},"query-input":{"@type":"PropertyValueSpecification","valueRequired":true,"valueName":"search_term_string"}}],"inLanguage":"fr-FR"},{"@type":"Organization","@id":"https:\/\/thiant.fr\/wordpress\/#organization","name":"Ville de Thiant","url":"https:\/\/thiant.fr\/wordpress\/","logo":{"@type":"ImageObject","inLanguage":"fr-FR","@id":"https:\/\/thiant.fr\/wordpress\/#\/schema\/logo\/image\/","url":"https:\/\/thiant.fr\/wordpress\/wp-content\/uploads\/2019\/08\/Thiant_Illdy_4.png","contentUrl":"https:\/\/thiant.fr\/wordpress\/wp-content\/uploads\/2019\/08\/Thiant_Illdy_4.png","width":105,"height":75,"caption":"Ville de Thiant"},"image":{"@id":"https:\/\/thiant.fr\/wordpress\/#\/schema\/logo\/image\/"}},{"@type":"Person","@id":"https:\/\/thiant.fr\/wordpress\/#\/schema\/person\/f41122130d18c0720657431d990451c6","name":"Service communication","image":{"@type":"ImageObject","inLanguage":"fr-FR","@id":"https:\/\/secure.gravatar.com\/avatar\/527d4f1f1330a82db5a7ea7738ddeb994fd26c4537512a833d99b387808ee250?s=96&r=g","url":"https:\/\/secure.gravatar.com\/avatar\/527d4f1f1330a82db5a7ea7738ddeb994fd26c4537512a833d99b387808ee250?s=96&r=g","contentUrl":"https:\/\/secure.gravatar.com\/avatar\/527d4f1f1330a82db5a7ea7738ddeb994fd26c4537512a833d99b387808ee250?s=96&r=g","caption":"Service communication"},"url":"https:\/\/thiant.fr\/wordpress\/author\/adminwpress\/"}]}},"_links":{"self":[{"href":"https:\/\/thiant.fr\/wordpress\/wp-json\/wp\/v2\/posts\/4591","targetHints":{"allow":["GET"]}}],"collection":[{"href":"https:\/\/thiant.fr\/wordpress\/wp-json\/wp\/v2\/posts"}],"about":[{"href":"https:\/\/thiant.fr\/wordpress\/wp-json\/wp\/v2\/types\/post"}],"author":[{"embeddable":true,"href":"https:\/\/thiant.fr\/wordpress\/wp-json\/wp\/v2\/users\/1"}],"replies":[{"embeddable":true,"href":"https:\/\/thiant.fr\/wordpress\/wp-json\/wp\/v2\/comments?post=4591"}],"version-history":[{"count":0,"href":"https:\/\/thiant.fr\/wordpress\/wp-json\/wp\/v2\/posts\/4591\/revisions"}],"wp:featuredmedia":[{"embeddable":true,"href":"https:\/\/thiant.fr\/wordpress\/wp-json\/wp\/v2\/media\/4592"}],"wp:attachment":[{"href":"https:\/\/thiant.fr\/wordpress\/wp-json\/wp\/v2\/media?parent=4591"}],"wp:term":[{"taxonomy":"category","embeddable":true,"href":"https:\/\/thiant.fr\/wordpress\/wp-json\/wp\/v2\/categories?post=4591"},{"taxonomy":"post_tag","embeddable":true,"href":"https:\/\/thiant.fr\/wordpress\/wp-json\/wp\/v2\/tags?post=4591"}],"curies":[{"name":"wp","href":"https:\/\/api.w.org\/{rel}","templated":true}]}}