{"id":4689,"date":"2022-07-13T10:32:06","date_gmt":"2022-07-13T08:32:06","guid":{"rendered":"https:\/\/thiant.fr\/wordpress\/?p=4689"},"modified":"2022-07-13T10:43:24","modified_gmt":"2022-07-13T08:43:24","slug":"relais-petite-enfance-intercommunal","status":"publish","type":"post","link":"https:\/\/thiant.fr\/wordpress\/relais-petite-enfance-intercommunal\/","title":{"rendered":"Relais Petite Enfance Intercommunal"},"content":{"rendered":"\t\t<div data-elementor-type=\"wp-post\" data-elementor-id=\"4689\" class=\"elementor elementor-4689\">\n\t\t\t\t\t\t<section class=\"elementor-section elementor-top-section elementor-element elementor-element-71eb9ae elementor-section-boxed elementor-section-height-default elementor-section-height-default\" data-id=\"71eb9ae\" data-element_type=\"section\" data-e-type=\"section\">\n\t\t\t\t\t\t<div class=\"elementor-container elementor-column-gap-default\">\n\t\t\t\t\t<div class=\"elementor-column elementor-col-33 elementor-top-column elementor-element elementor-element-81f90cb\" data-id=\"81f90cb\" data-element_type=\"column\" data-e-type=\"column\">\n\t\t\t<div class=\"elementor-widget-wrap elementor-element-populated\">\n\t\t\t\t\t\t<div class=\"elementor-element elementor-element-d3113aa elementor-widget elementor-widget-image\" data-id=\"d3113aa\" data-element_type=\"widget\" data-e-type=\"widget\" data-widget_type=\"image.default\">\n\t\t\t\t<div class=\"elementor-widget-container\">\n\t\t\t\t\t\t\t\t\t\t\t\t\t\t\t<img fetchpriority=\"high\" decoding=\"async\" width=\"850\" height=\"850\" src=\"https:\/\/thiant.fr\/wordpress\/wp-content\/uploads\/2022\/07\/Logo_RAM.gif\" class=\"attachment-large size-large wp-image-4692\" alt=\"\" \/>\t\t\t\t\t\t\t\t\t\t\t\t\t\t\t<\/div>\n\t\t\t\t<\/div>\n\t\t\t\t\t<\/div>\n\t\t<\/div>\n\t\t\t\t<div class=\"elementor-column elementor-col-66 elementor-top-column elementor-element elementor-element-09b050d\" data-id=\"09b050d\" data-element_type=\"column\" data-e-type=\"column\">\n\t\t\t<div class=\"elementor-widget-wrap elementor-element-populated\">\n\t\t\t\t\t\t<div class=\"elementor-element elementor-element-9de790a elementor-widget elementor-widget-text-editor\" data-id=\"9de790a\" data-element_type=\"widget\" data-e-type=\"widget\" data-widget_type=\"text-editor.default\">\n\t\t\t\t<div class=\"elementor-widget-container\">\n\t\t\t\t\t\t\t\t\t<p style=\"text-align: center;\"><span style=\"color: #0000ff;\">Prouvy, Haulchin, Rouvignies, La Sentinelle, Thiant<\/span><\/p><h2 style=\"text-align: center;\"><span style=\"color: #008000;\">Un service gratuit ouvert \u00e0 tous<\/span><\/h2><h4><span style=\"color: #008000;\">Assistantes maternelles agr\u00e9\u00e9es &#8211; Gardes \u00e0 domicile &#8211; Futures candidates<\/span><\/h4><p><strong><span style=\"color: #008000;\">Vous d\u00e9sirez une information sur :<\/span><\/strong><\/p><p><span style=\"color: #333333;\">La proc\u00e9dure d&#8217;agr\u00e9ment, votre statut, vos droits et obligations, le contrat de travail, la formation continue, le r\u00f4le des professionnels de la PMI du Conseil D\u00e9partemental, des aides possibles de la CAF.<\/span><\/p><p><strong><span style=\"color: #008000;\">Vous souhaitez :<\/span><\/strong><\/p><p><span style=\"color: #333333;\">Une mise en relation avec les parents, partager vos exp\u00e9riences professionnelles avec d&#8217;autres assistantes maternelles agr\u00e9\u00e9es, participer \u00e0 la vie du Relais.<\/span><\/p><h4><span style=\"color: #000080;\">Parents et futurs parents<\/span><\/h4><p><strong><span style=\"color: #000080;\">Vous avez besoin :<\/span><\/strong><\/p><p><span style=\"color: #333333;\">D&#8217;informations sur les diff\u00e9rents modes d&#8217;accueil (collectif et\/ou individuel), de renseignements sur l&#8217;embauche d&#8217;une assistante maternelle agr\u00e9\u00e9e, d&#8217;un accueil au domicile des parents et des autres modes d&#8217;accueil existants sur le territoire, d&#8217;informations sur les prestations auxquelles vous avez droit, d&#8217;un soutien dans votre fonction d&#8217;employeur.<\/span><\/p><h4><span style=\"color: #ff00ff;\">Enfants<\/span><\/h4><p><strong><span style=\"color: #ff00ff;\">Pendant les temps collectifs les enfants pourront :<\/span><\/strong><\/p><p><span style=\"color: #333333;\">Enrichir et \u00e9veiller leur curiosit\u00e9 par les activit\u00e9s d&#8217;\u00e9veil, se pr\u00e9parer en douceur \u00e0 la collectivit\u00e9, renforcer leur facult\u00e9 \u00e0 g\u00e9rer leur frustration (partage des jeux, limites\u2026).<\/span><\/p>\t\t\t\t\t\t\t\t<\/div>\n\t\t\t\t<\/div>\n\t\t\t\t\t<\/div>\n\t\t<\/div>\n\t\t\t\t\t<\/div>\n\t\t<\/section>\n\t\t\t\t<section class=\"elementor-section elementor-top-section elementor-element elementor-element-fbecf95 elementor-section-boxed elementor-section-height-default elementor-section-height-default\" data-id=\"fbecf95\" data-element_type=\"section\" data-e-type=\"section\">\n\t\t\t\t\t\t<div class=\"elementor-container elementor-column-gap-default\">\n\t\t\t\t\t<div class=\"elementor-column elementor-col-100 elementor-top-column elementor-element elementor-element-7b56d37\" data-id=\"7b56d37\" data-element_type=\"column\" data-e-type=\"column\">\n\t\t\t<div class=\"elementor-widget-wrap elementor-element-populated\">\n\t\t\t\t\t\t<div class=\"elementor-element elementor-element-71f594b elementor-widget elementor-widget-image\" data-id=\"71f594b\" data-element_type=\"widget\" data-e-type=\"widget\" data-widget_type=\"image.default\">\n\t\t\t\t<div class=\"elementor-widget-container\">\n\t\t\t\t\t\t\t\t\t\t\t\t\t\t\t<img decoding=\"async\" width=\"730\" height=\"542\" src=\"https:\/\/thiant.fr\/wordpress\/wp-content\/uploads\/2022\/07\/ram-info-juillet-2022.png\" class=\"attachment-large size-large wp-image-4699\" alt=\"\" srcset=\"https:\/\/thiant.fr\/wordpress\/wp-content\/uploads\/2022\/07\/ram-info-juillet-2022.png 730w, https:\/\/thiant.fr\/wordpress\/wp-content\/uploads\/2022\/07\/ram-info-juillet-2022-300x223.png 300w\" sizes=\"(max-width: 730px) 100vw, 730px\" \/>\t\t\t\t\t\t\t\t\t\t\t\t\t\t\t<\/div>\n\t\t\t\t<\/div>\n\t\t\t\t\t<\/div>\n\t\t<\/div>\n\t\t\t\t\t<\/div>\n\t\t<\/section>\n\t\t\t\t<\/div>\n\t\t","protected":false},"excerpt":{"rendered":"<p>Prouvy, Haulchin, Rouvignies, La Sentinelle, Thiant Un service gratuit ouvert \u00e0 tous Assistantes maternelles agr\u00e9\u00e9es &#8211; Gardes \u00e0 domicile &#8211; Futures candidates Vous d\u00e9sirez une information sur : La proc\u00e9dure d&#8217;agr\u00e9ment, votre statut, vos droits et obligations, le contrat de travail, la formation continue, le r\u00f4le des professionnels de la PMI du Conseil D\u00e9partemental, des [&hellip;]<\/p>\n","protected":false},"author":1,"featured_media":4690,"comment_status":"closed","ping_status":"closed","sticky":false,"template":"","format":"standard","meta":{"_crdt_document":"","ocean_post_layout":"","ocean_both_sidebars_style":"","ocean_both_sidebars_content_width":0,"ocean_both_sidebars_sidebars_width":0,"ocean_sidebar":"0","ocean_second_sidebar":"0","ocean_disable_margins":"enable","ocean_add_body_class":"","ocean_shortcode_before_top_bar":"","ocean_shortcode_after_top_bar":"","ocean_shortcode_before_header":"","ocean_shortcode_after_header":"","ocean_has_shortcode":"","ocean_shortcode_after_title":"","ocean_shortcode_before_footer_widgets":"","ocean_shortcode_after_footer_widgets":"","ocean_shortcode_before_footer_bottom":"","ocean_shortcode_after_footer_bottom":"","ocean_display_top_bar":"default","ocean_display_header":"default","ocean_header_style":"","ocean_center_header_left_menu":"0","ocean_custom_header_template":"0","ocean_custom_logo":0,"ocean_custom_retina_logo":0,"ocean_custom_logo_max_width":0,"ocean_custom_logo_tablet_max_width":0,"ocean_custom_logo_mobile_max_width":0,"ocean_custom_logo_max_height":0,"ocean_custom_logo_tablet_max_height":0,"ocean_custom_logo_mobile_max_height":0,"ocean_header_custom_menu":"0","ocean_menu_typo_font_family":"0","ocean_menu_typo_font_subset":"","ocean_menu_typo_font_size":0,"ocean_menu_typo_font_size_tablet":0,"ocean_menu_typo_font_size_mobile":0,"ocean_menu_typo_font_size_unit":"px","ocean_menu_typo_font_weight":"","ocean_menu_typo_font_weight_tablet":"","ocean_menu_typo_font_weight_mobile":"","ocean_menu_typo_transform":"","ocean_menu_typo_transform_tablet":"","ocean_menu_typo_transform_mobile":"","ocean_menu_typo_line_height":0,"ocean_menu_typo_line_height_tablet":0,"ocean_menu_typo_line_height_mobile":0,"ocean_menu_typo_line_height_unit":"","ocean_menu_typo_spacing":0,"ocean_menu_typo_spacing_tablet":0,"ocean_menu_typo_spacing_mobile":0,"ocean_menu_typo_spacing_unit":"","ocean_menu_link_color":"","ocean_menu_link_color_hover":"","ocean_menu_link_color_active":"","ocean_menu_link_background":"","ocean_menu_link_hover_background":"","ocean_menu_link_active_background":"","ocean_menu_social_links_bg":"","ocean_menu_social_hover_links_bg":"","ocean_menu_social_links_color":"","ocean_menu_social_hover_links_color":"","ocean_disable_title":"default","ocean_disable_heading":"default","ocean_post_title":"","ocean_post_subheading":"","ocean_post_title_style":"","ocean_post_title_background_color":"","ocean_post_title_background":0,"ocean_post_title_bg_image_position":"","ocean_post_title_bg_image_attachment":"","ocean_post_title_bg_image_repeat":"","ocean_post_title_bg_image_size":"","ocean_post_title_height":0,"ocean_post_title_bg_overlay":0.5,"ocean_post_title_bg_overlay_color":"","ocean_disable_breadcrumbs":"default","ocean_breadcrumbs_color":"","ocean_breadcrumbs_separator_color":"","ocean_breadcrumbs_links_color":"","ocean_breadcrumbs_links_hover_color":"","ocean_display_footer_widgets":"default","ocean_display_footer_bottom":"default","ocean_custom_footer_template":"0","ocean_post_oembed":"","ocean_post_self_hosted_media":"","ocean_post_video_embed":"","ocean_link_format":"","ocean_link_format_target":"self","ocean_quote_format":"","ocean_quote_format_link":"post","ocean_gallery_link_images":"off","ocean_gallery_id":[],"footnotes":""},"categories":[4],"tags":[],"class_list":["post-4689","post","type-post","status-publish","format-standard","has-post-thumbnail","hentry","category-jeunesse","entry","has-media"],"yoast_head":"<!-- This site is optimized with the Yoast SEO plugin v27.3 - https:\/\/yoast.com\/product\/yoast-seo-wordpress\/ -->\n<title>Relais Petite Enfance Intercommunal - Ville de Thiant<\/title>\n<meta name=\"description\" content=\"Un service gratuit ouvert \u00e0 tous sur les communes de Prouvy, Haulchin, Rouvignies, La Sentinelle et Thiant.\" \/>\n<meta name=\"robots\" content=\"index, follow, max-snippet:-1, max-image-preview:large, max-video-preview:-1\" \/>\n<link rel=\"canonical\" href=\"https:\/\/thiant.fr\/wordpress\/relais-petite-enfance-intercommunal\/\" \/>\n<meta property=\"og:locale\" content=\"fr_FR\" \/>\n<meta property=\"og:type\" content=\"article\" \/>\n<meta property=\"og:title\" content=\"Relais Petite Enfance Intercommunal - Ville de Thiant\" \/>\n<meta property=\"og:description\" content=\"Un service gratuit ouvert \u00e0 tous sur les communes de Prouvy, Haulchin, Rouvignies, La Sentinelle et Thiant.\" \/>\n<meta property=\"og:url\" content=\"https:\/\/thiant.fr\/wordpress\/relais-petite-enfance-intercommunal\/\" \/>\n<meta property=\"og:site_name\" content=\"Ville de Thiant\" \/>\n<meta property=\"article:published_time\" content=\"2022-07-13T08:32:06+00:00\" \/>\n<meta property=\"article:modified_time\" content=\"2022-07-13T08:43:24+00:00\" \/>\n<meta property=\"og:image\" content=\"https:\/\/thiant.fr\/wordpress\/wp-content\/uploads\/2022\/07\/IMG_0809.jpg\" \/>\n\t<meta property=\"og:image:width\" content=\"730\" \/>\n\t<meta property=\"og:image:height\" content=\"487\" \/>\n\t<meta property=\"og:image:type\" content=\"image\/jpeg\" \/>\n<meta name=\"author\" content=\"Service communication\" \/>\n<meta name=\"twitter:card\" content=\"summary_large_image\" \/>\n<meta name=\"twitter:label1\" content=\"\u00c9crit par\" \/>\n\t<meta name=\"twitter:data1\" content=\"Service communication\" \/>\n\t<meta name=\"twitter:label2\" content=\"Dur\u00e9e de lecture estim\u00e9e\" \/>\n\t<meta name=\"twitter:data2\" content=\"2 minutes\" \/>\n<script type=\"application\/ld+json\" class=\"yoast-schema-graph\">{\"@context\":\"https:\\\/\\\/schema.org\",\"@graph\":[{\"@type\":\"Article\",\"@id\":\"https:\\\/\\\/thiant.fr\\\/wordpress\\\/relais-petite-enfance-intercommunal\\\/#article\",\"isPartOf\":{\"@id\":\"https:\\\/\\\/thiant.fr\\\/wordpress\\\/relais-petite-enfance-intercommunal\\\/\"},\"author\":{\"name\":\"Service communication\",\"@id\":\"https:\\\/\\\/thiant.fr\\\/wordpress\\\/#\\\/schema\\\/person\\\/f41122130d18c0720657431d990451c6\"},\"headline\":\"Relais Petite Enfance Intercommunal\",\"datePublished\":\"2022-07-13T08:32:06+00:00\",\"dateModified\":\"2022-07-13T08:43:24+00:00\",\"mainEntityOfPage\":{\"@id\":\"https:\\\/\\\/thiant.fr\\\/wordpress\\\/relais-petite-enfance-intercommunal\\\/\"},\"wordCount\":196,\"publisher\":{\"@id\":\"https:\\\/\\\/thiant.fr\\\/wordpress\\\/#organization\"},\"image\":{\"@id\":\"https:\\\/\\\/thiant.fr\\\/wordpress\\\/relais-petite-enfance-intercommunal\\\/#primaryimage\"},\"thumbnailUrl\":\"https:\\\/\\\/thiant.fr\\\/wordpress\\\/wp-content\\\/uploads\\\/2022\\\/07\\\/IMG_0809.jpg\",\"articleSection\":[\"Jeunesse\"],\"inLanguage\":\"fr-FR\"},{\"@type\":\"WebPage\",\"@id\":\"https:\\\/\\\/thiant.fr\\\/wordpress\\\/relais-petite-enfance-intercommunal\\\/\",\"url\":\"https:\\\/\\\/thiant.fr\\\/wordpress\\\/relais-petite-enfance-intercommunal\\\/\",\"name\":\"Relais Petite Enfance Intercommunal - Ville de Thiant\",\"isPartOf\":{\"@id\":\"https:\\\/\\\/thiant.fr\\\/wordpress\\\/#website\"},\"primaryImageOfPage\":{\"@id\":\"https:\\\/\\\/thiant.fr\\\/wordpress\\\/relais-petite-enfance-intercommunal\\\/#primaryimage\"},\"image\":{\"@id\":\"https:\\\/\\\/thiant.fr\\\/wordpress\\\/relais-petite-enfance-intercommunal\\\/#primaryimage\"},\"thumbnailUrl\":\"https:\\\/\\\/thiant.fr\\\/wordpress\\\/wp-content\\\/uploads\\\/2022\\\/07\\\/IMG_0809.jpg\",\"datePublished\":\"2022-07-13T08:32:06+00:00\",\"dateModified\":\"2022-07-13T08:43:24+00:00\",\"description\":\"Un service gratuit ouvert \u00e0 tous sur les communes de Prouvy, Haulchin, Rouvignies, La Sentinelle et Thiant.\",\"breadcrumb\":{\"@id\":\"https:\\\/\\\/thiant.fr\\\/wordpress\\\/relais-petite-enfance-intercommunal\\\/#breadcrumb\"},\"inLanguage\":\"fr-FR\",\"potentialAction\":[{\"@type\":\"ReadAction\",\"target\":[\"https:\\\/\\\/thiant.fr\\\/wordpress\\\/relais-petite-enfance-intercommunal\\\/\"]}]},{\"@type\":\"ImageObject\",\"inLanguage\":\"fr-FR\",\"@id\":\"https:\\\/\\\/thiant.fr\\\/wordpress\\\/relais-petite-enfance-intercommunal\\\/#primaryimage\",\"url\":\"https:\\\/\\\/thiant.fr\\\/wordpress\\\/wp-content\\\/uploads\\\/2022\\\/07\\\/IMG_0809.jpg\",\"contentUrl\":\"https:\\\/\\\/thiant.fr\\\/wordpress\\\/wp-content\\\/uploads\\\/2022\\\/07\\\/IMG_0809.jpg\",\"width\":730,\"height\":487},{\"@type\":\"BreadcrumbList\",\"@id\":\"https:\\\/\\\/thiant.fr\\\/wordpress\\\/relais-petite-enfance-intercommunal\\\/#breadcrumb\",\"itemListElement\":[{\"@type\":\"ListItem\",\"position\":1,\"name\":\"Accueil\",\"item\":\"https:\\\/\\\/thiant.fr\\\/wordpress\\\/\"},{\"@type\":\"ListItem\",\"position\":2,\"name\":\"Relais Petite Enfance Intercommunal\"}]},{\"@type\":\"WebSite\",\"@id\":\"https:\\\/\\\/thiant.fr\\\/wordpress\\\/#website\",\"url\":\"https:\\\/\\\/thiant.fr\\\/wordpress\\\/\",\"name\":\"Ville de Thiant\",\"description\":\"Site officiel de la ville de Thiant\",\"publisher\":{\"@id\":\"https:\\\/\\\/thiant.fr\\\/wordpress\\\/#organization\"},\"potentialAction\":[{\"@type\":\"SearchAction\",\"target\":{\"@type\":\"EntryPoint\",\"urlTemplate\":\"https:\\\/\\\/thiant.fr\\\/wordpress\\\/?s={search_term_string}\"},\"query-input\":{\"@type\":\"PropertyValueSpecification\",\"valueRequired\":true,\"valueName\":\"search_term_string\"}}],\"inLanguage\":\"fr-FR\"},{\"@type\":\"Organization\",\"@id\":\"https:\\\/\\\/thiant.fr\\\/wordpress\\\/#organization\",\"name\":\"Ville de Thiant\",\"url\":\"https:\\\/\\\/thiant.fr\\\/wordpress\\\/\",\"logo\":{\"@type\":\"ImageObject\",\"inLanguage\":\"fr-FR\",\"@id\":\"https:\\\/\\\/thiant.fr\\\/wordpress\\\/#\\\/schema\\\/logo\\\/image\\\/\",\"url\":\"https:\\\/\\\/thiant.fr\\\/wordpress\\\/wp-content\\\/uploads\\\/2019\\\/08\\\/Thiant_Illdy_4.png\",\"contentUrl\":\"https:\\\/\\\/thiant.fr\\\/wordpress\\\/wp-content\\\/uploads\\\/2019\\\/08\\\/Thiant_Illdy_4.png\",\"width\":105,\"height\":75,\"caption\":\"Ville de Thiant\"},\"image\":{\"@id\":\"https:\\\/\\\/thiant.fr\\\/wordpress\\\/#\\\/schema\\\/logo\\\/image\\\/\"}},{\"@type\":\"Person\",\"@id\":\"https:\\\/\\\/thiant.fr\\\/wordpress\\\/#\\\/schema\\\/person\\\/f41122130d18c0720657431d990451c6\",\"name\":\"Service communication\",\"image\":{\"@type\":\"ImageObject\",\"inLanguage\":\"fr-FR\",\"@id\":\"https:\\\/\\\/secure.gravatar.com\\\/avatar\\\/527d4f1f1330a82db5a7ea7738ddeb994fd26c4537512a833d99b387808ee250?s=96&r=g\",\"url\":\"https:\\\/\\\/secure.gravatar.com\\\/avatar\\\/527d4f1f1330a82db5a7ea7738ddeb994fd26c4537512a833d99b387808ee250?s=96&r=g\",\"contentUrl\":\"https:\\\/\\\/secure.gravatar.com\\\/avatar\\\/527d4f1f1330a82db5a7ea7738ddeb994fd26c4537512a833d99b387808ee250?s=96&r=g\",\"caption\":\"Service communication\"},\"url\":\"https:\\\/\\\/thiant.fr\\\/wordpress\\\/author\\\/adminwpress\\\/\"}]}<\/script>\n<!-- \/ Yoast SEO plugin. -->","yoast_head_json":{"title":"Relais Petite Enfance Intercommunal - Ville de Thiant","description":"Un service gratuit ouvert \u00e0 tous sur les communes de Prouvy, Haulchin, Rouvignies, La Sentinelle et Thiant.","robots":{"index":"index","follow":"follow","max-snippet":"max-snippet:-1","max-image-preview":"max-image-preview:large","max-video-preview":"max-video-preview:-1"},"canonical":"https:\/\/thiant.fr\/wordpress\/relais-petite-enfance-intercommunal\/","og_locale":"fr_FR","og_type":"article","og_title":"Relais Petite Enfance Intercommunal - Ville de Thiant","og_description":"Un service gratuit ouvert \u00e0 tous sur les communes de Prouvy, Haulchin, Rouvignies, La Sentinelle et Thiant.","og_url":"https:\/\/thiant.fr\/wordpress\/relais-petite-enfance-intercommunal\/","og_site_name":"Ville de Thiant","article_published_time":"2022-07-13T08:32:06+00:00","article_modified_time":"2022-07-13T08:43:24+00:00","og_image":[{"width":730,"height":487,"url":"https:\/\/thiant.fr\/wordpress\/wp-content\/uploads\/2022\/07\/IMG_0809.jpg","type":"image\/jpeg"}],"author":"Service communication","twitter_card":"summary_large_image","twitter_misc":{"\u00c9crit par":"Service communication","Dur\u00e9e de lecture estim\u00e9e":"2 minutes"},"schema":{"@context":"https:\/\/schema.org","@graph":[{"@type":"Article","@id":"https:\/\/thiant.fr\/wordpress\/relais-petite-enfance-intercommunal\/#article","isPartOf":{"@id":"https:\/\/thiant.fr\/wordpress\/relais-petite-enfance-intercommunal\/"},"author":{"name":"Service communication","@id":"https:\/\/thiant.fr\/wordpress\/#\/schema\/person\/f41122130d18c0720657431d990451c6"},"headline":"Relais Petite Enfance Intercommunal","datePublished":"2022-07-13T08:32:06+00:00","dateModified":"2022-07-13T08:43:24+00:00","mainEntityOfPage":{"@id":"https:\/\/thiant.fr\/wordpress\/relais-petite-enfance-intercommunal\/"},"wordCount":196,"publisher":{"@id":"https:\/\/thiant.fr\/wordpress\/#organization"},"image":{"@id":"https:\/\/thiant.fr\/wordpress\/relais-petite-enfance-intercommunal\/#primaryimage"},"thumbnailUrl":"https:\/\/thiant.fr\/wordpress\/wp-content\/uploads\/2022\/07\/IMG_0809.jpg","articleSection":["Jeunesse"],"inLanguage":"fr-FR"},{"@type":"WebPage","@id":"https:\/\/thiant.fr\/wordpress\/relais-petite-enfance-intercommunal\/","url":"https:\/\/thiant.fr\/wordpress\/relais-petite-enfance-intercommunal\/","name":"Relais Petite Enfance Intercommunal - Ville de Thiant","isPartOf":{"@id":"https:\/\/thiant.fr\/wordpress\/#website"},"primaryImageOfPage":{"@id":"https:\/\/thiant.fr\/wordpress\/relais-petite-enfance-intercommunal\/#primaryimage"},"image":{"@id":"https:\/\/thiant.fr\/wordpress\/relais-petite-enfance-intercommunal\/#primaryimage"},"thumbnailUrl":"https:\/\/thiant.fr\/wordpress\/wp-content\/uploads\/2022\/07\/IMG_0809.jpg","datePublished":"2022-07-13T08:32:06+00:00","dateModified":"2022-07-13T08:43:24+00:00","description":"Un service gratuit ouvert \u00e0 tous sur les communes de Prouvy, Haulchin, Rouvignies, La Sentinelle et Thiant.","breadcrumb":{"@id":"https:\/\/thiant.fr\/wordpress\/relais-petite-enfance-intercommunal\/#breadcrumb"},"inLanguage":"fr-FR","potentialAction":[{"@type":"ReadAction","target":["https:\/\/thiant.fr\/wordpress\/relais-petite-enfance-intercommunal\/"]}]},{"@type":"ImageObject","inLanguage":"fr-FR","@id":"https:\/\/thiant.fr\/wordpress\/relais-petite-enfance-intercommunal\/#primaryimage","url":"https:\/\/thiant.fr\/wordpress\/wp-content\/uploads\/2022\/07\/IMG_0809.jpg","contentUrl":"https:\/\/thiant.fr\/wordpress\/wp-content\/uploads\/2022\/07\/IMG_0809.jpg","width":730,"height":487},{"@type":"BreadcrumbList","@id":"https:\/\/thiant.fr\/wordpress\/relais-petite-enfance-intercommunal\/#breadcrumb","itemListElement":[{"@type":"ListItem","position":1,"name":"Accueil","item":"https:\/\/thiant.fr\/wordpress\/"},{"@type":"ListItem","position":2,"name":"Relais Petite Enfance Intercommunal"}]},{"@type":"WebSite","@id":"https:\/\/thiant.fr\/wordpress\/#website","url":"https:\/\/thiant.fr\/wordpress\/","name":"Ville de Thiant","description":"Site officiel de la ville de Thiant","publisher":{"@id":"https:\/\/thiant.fr\/wordpress\/#organization"},"potentialAction":[{"@type":"SearchAction","target":{"@type":"EntryPoint","urlTemplate":"https:\/\/thiant.fr\/wordpress\/?s={search_term_string}"},"query-input":{"@type":"PropertyValueSpecification","valueRequired":true,"valueName":"search_term_string"}}],"inLanguage":"fr-FR"},{"@type":"Organization","@id":"https:\/\/thiant.fr\/wordpress\/#organization","name":"Ville de Thiant","url":"https:\/\/thiant.fr\/wordpress\/","logo":{"@type":"ImageObject","inLanguage":"fr-FR","@id":"https:\/\/thiant.fr\/wordpress\/#\/schema\/logo\/image\/","url":"https:\/\/thiant.fr\/wordpress\/wp-content\/uploads\/2019\/08\/Thiant_Illdy_4.png","contentUrl":"https:\/\/thiant.fr\/wordpress\/wp-content\/uploads\/2019\/08\/Thiant_Illdy_4.png","width":105,"height":75,"caption":"Ville de Thiant"},"image":{"@id":"https:\/\/thiant.fr\/wordpress\/#\/schema\/logo\/image\/"}},{"@type":"Person","@id":"https:\/\/thiant.fr\/wordpress\/#\/schema\/person\/f41122130d18c0720657431d990451c6","name":"Service communication","image":{"@type":"ImageObject","inLanguage":"fr-FR","@id":"https:\/\/secure.gravatar.com\/avatar\/527d4f1f1330a82db5a7ea7738ddeb994fd26c4537512a833d99b387808ee250?s=96&r=g","url":"https:\/\/secure.gravatar.com\/avatar\/527d4f1f1330a82db5a7ea7738ddeb994fd26c4537512a833d99b387808ee250?s=96&r=g","contentUrl":"https:\/\/secure.gravatar.com\/avatar\/527d4f1f1330a82db5a7ea7738ddeb994fd26c4537512a833d99b387808ee250?s=96&r=g","caption":"Service communication"},"url":"https:\/\/thiant.fr\/wordpress\/author\/adminwpress\/"}]}},"_links":{"self":[{"href":"https:\/\/thiant.fr\/wordpress\/wp-json\/wp\/v2\/posts\/4689","targetHints":{"allow":["GET"]}}],"collection":[{"href":"https:\/\/thiant.fr\/wordpress\/wp-json\/wp\/v2\/posts"}],"about":[{"href":"https:\/\/thiant.fr\/wordpress\/wp-json\/wp\/v2\/types\/post"}],"author":[{"embeddable":true,"href":"https:\/\/thiant.fr\/wordpress\/wp-json\/wp\/v2\/users\/1"}],"replies":[{"embeddable":true,"href":"https:\/\/thiant.fr\/wordpress\/wp-json\/wp\/v2\/comments?post=4689"}],"version-history":[{"count":0,"href":"https:\/\/thiant.fr\/wordpress\/wp-json\/wp\/v2\/posts\/4689\/revisions"}],"wp:featuredmedia":[{"embeddable":true,"href":"https:\/\/thiant.fr\/wordpress\/wp-json\/wp\/v2\/media\/4690"}],"wp:attachment":[{"href":"https:\/\/thiant.fr\/wordpress\/wp-json\/wp\/v2\/media?parent=4689"}],"wp:term":[{"taxonomy":"category","embeddable":true,"href":"https:\/\/thiant.fr\/wordpress\/wp-json\/wp\/v2\/categories?post=4689"},{"taxonomy":"post_tag","embeddable":true,"href":"https:\/\/thiant.fr\/wordpress\/wp-json\/wp\/v2\/tags?post=4689"}],"curies":[{"name":"wp","href":"https:\/\/api.w.org\/{rel}","templated":true}]}}