{"id":5512,"date":"2025-04-14T10:40:14","date_gmt":"2025-04-14T08:40:14","guid":{"rendered":"https:\/\/thiant.fr\/wordpress\/?p=5512"},"modified":"2026-02-26T15:38:46","modified_gmt":"2026-02-26T14:38:46","slug":"collecte-et-recyclage-chez-les-agriculteurs","status":"publish","type":"post","link":"https:\/\/thiant.fr\/wordpress\/collecte-et-recyclage-chez-les-agriculteurs\/","title":{"rendered":"Collecte et recyclage chez les agriculteurs"},"content":{"rendered":"\t\t<div data-elementor-type=\"wp-post\" data-elementor-id=\"5512\" class=\"elementor elementor-5512\">\n\t\t\t\t\t\t<section class=\"elementor-section elementor-top-section elementor-element elementor-element-84d2876 elementor-section-boxed elementor-section-height-default elementor-section-height-default\" data-id=\"84d2876\" data-element_type=\"section\" data-e-type=\"section\">\n\t\t\t\t\t\t<div class=\"elementor-container elementor-column-gap-default\">\n\t\t\t\t\t<div class=\"elementor-column elementor-col-33 elementor-top-column elementor-element elementor-element-7482cf1\" data-id=\"7482cf1\" data-element_type=\"column\" data-e-type=\"column\">\n\t\t\t<div class=\"elementor-widget-wrap elementor-element-populated\">\n\t\t\t\t\t\t<div class=\"elementor-element elementor-element-bfe9ac8 elementor-widget elementor-widget-image\" data-id=\"bfe9ac8\" data-element_type=\"widget\" data-e-type=\"widget\" data-widget_type=\"image.default\">\n\t\t\t\t<div class=\"elementor-widget-container\">\n\t\t\t\t\t\t\t\t\t\t\t\t\t\t\t\t<a href=\"https:\/\/hautsdefrance.chambre-agriculture.fr\" target=\"_blank\">\n\t\t\t\t\t\t\t<img decoding=\"async\" width=\"250\" height=\"128\" src=\"https:\/\/thiant.fr\/wordpress\/wp-content\/uploads\/2023\/04\/logo.png\" class=\"attachment-large size-large wp-image-5515\" alt=\"\" \/>\t\t\t\t\t\t\t\t<\/a>\n\t\t\t\t\t\t\t\t\t\t\t\t\t\t\t<\/div>\n\t\t\t\t<\/div>\n\t\t\t\t<div class=\"elementor-element elementor-element-5ad307d elementor-widget elementor-widget-text-editor\" data-id=\"5ad307d\" data-element_type=\"widget\" data-e-type=\"widget\" data-widget_type=\"text-editor.default\">\n\t\t\t\t<div class=\"elementor-widget-container\">\n\t\t\t\t\t\t\t\t\t<p><span style=\"text-decoration: underline; color: #333333;\"><strong>Contacts et informations :<\/strong><\/span><br \/><a href=\"tel:+33321605760\">03 21 60 57 60<\/a><br \/><a href=\"https:\/\/hautsdefrance.chambre-agriculture.fr\/collecte-produits-phytosanitaires-pneus-huile\/\" target=\"_blank\" rel=\"noopener\">https:\/\/hautsdefrance.chambre-agriculture.fr\/collecte-produits-phytosanitaires-pneus-huile\/<\/a><\/p>\t\t\t\t\t\t\t\t<\/div>\n\t\t\t\t<\/div>\n\t\t\t\t\t<\/div>\n\t\t<\/div>\n\t\t\t\t<div class=\"elementor-column elementor-col-66 elementor-top-column elementor-element elementor-element-56f74a1\" data-id=\"56f74a1\" data-element_type=\"column\" data-e-type=\"column\">\n\t\t\t<div class=\"elementor-widget-wrap elementor-element-populated\">\n\t\t\t\t\t\t<div class=\"elementor-element elementor-element-264cf5b elementor-widget elementor-widget-text-editor\" data-id=\"264cf5b\" data-element_type=\"widget\" data-e-type=\"widget\" data-widget_type=\"text-editor.default\">\n\t\t\t\t<div class=\"elementor-widget-container\">\n\t\t\t\t\t\t\t\t\t<p><span style=\"color: #333333;\">Les 13 et 14 mai prochains, a lieu la collecte des d\u00e9chets agricoles issus de l\u2019agrofourniture. Elle concerne les emballages vides de produits phytosanitaires et de produits d\u2019hygi\u00e8ne de l\u2019\u00e9levage et les sacs papiers de semences trait\u00e9es.<\/span><\/p><p><span style=\"color: #333333;\">Comme toute autre activit\u00e9, l\u2019agriculture produit des d\u00e9chets. Films plastiques agricoles usag\u00e9s, ficelles, emballages plastique vides, produits hors d\u2019usage, ferrailles, huiles usag\u00e9es, d\u00e9chets de soins des animaux\u2026 ces d\u00e9chets sont multiples, en volumes importants et en quantit\u00e9s dispers\u00e9es.<\/span><\/p><p><span style=\"color: #333333;\">Les agriculteurs sont responsables de la bonne gestion de ces d\u00e9chets. Etant donn\u00e9 que le br\u00fblage et l\u2019enfouissement des d\u00e9chets sont interdits, y compris pour les emballages en papier ou carton et qu\u2019il faut s\u00e9parer les d\u00e9chets ou produits en fin de vie dangereux des ordures m\u00e9nag\u00e8res, pour \u00eatre en conformit\u00e9 avec la r\u00e9glementation, les agriculteurs peuvent participer aux collectes existantes. Elles permettent d\u2019\u00e9liminer les d\u00e9chets en toute s\u00e9curit\u00e9 et garantissent la valorisation de l\u2019\u00e9nergie d\u00e9gag\u00e9e par la combustion et le filtrage des fum\u00e9es.<\/span><\/p><p><span style=\"color: #333333;\">Le recyclage permet d\u2019\u00e9conomiser les ressources en offrant une deuxi\u00e8me vie aux mat\u00e9riaux mais l\u2019int\u00e9r\u00eat d\u2019y participer est aussi \u00e9conomique. En effet, le co\u00fbt de l\u2019\u00e9limination des d\u00e9chets est r\u00e9percut\u00e9 sur le prix des produits mis en march\u00e9. Les agriculteurs sont donc directement concern\u00e9.<\/span><\/p><p><span style=\"color: #333333;\">Une attestation de d\u00e9p\u00f4t est remise \u00e0 l\u2019agriculteur lors de son apport, preuve de la prise en charge et de la bonne \u00e9limination des d\u00e9chets de l\u2019exploitation.<\/span><\/p><p><span style=\"color: #333333;\">La collecte de ces d\u00e9chets s\u2019inscrit dans le cadre de la fili\u00e8re Agriculteurs, Distributeurs, Industriels pour la VALORisation des d\u00e9chets agricoles (ADIVALOR), \u00e0 l\u2019issue d\u2019une d\u00e9marche interprofessionnelle entre industriels, agriculteurs et distributeurs.<\/span><\/p><p><span style=\"color: #333333;\">La\u00a0<a style=\"color: #333333;\" href=\"https:\/\/www.adivalor.fr\/\" target=\"_blank\" rel=\"noopener\">soci\u00e9t\u00e9 priv\u00e9e ADIVALOR\u00a0<\/a>est charg\u00e9e de l\u2019organisation g\u00e9n\u00e9rale de la fili\u00e8re, la d\u00e9finition des modalit\u00e9s techniques de gestion des d\u00e9chets, de proposer des outils de communication, de travailler sur des projets de recherche et d\u00e9veloppement. \u00c0 ce titre, elle organise les collectes r\u00e9serv\u00e9es aux utilisateurs professionnels (exploitants agricoles, professionnels des espaces verts, collectivit\u00e9s, entreprises), des emballages vides, plastiques usag\u00e9s et d\u00e9chets dangereux.<\/span><\/p>\t\t\t\t\t\t\t\t<\/div>\n\t\t\t\t<\/div>\n\t\t\t\t\t<\/div>\n\t\t<\/div>\n\t\t\t\t\t<\/div>\n\t\t<\/section>\n\t\t\t\t<section class=\"elementor-section elementor-top-section elementor-element elementor-element-ab35927 elementor-section-boxed elementor-section-height-default elementor-section-height-default\" data-id=\"ab35927\" data-element_type=\"section\" data-e-type=\"section\">\n\t\t\t\t\t\t<div class=\"elementor-container elementor-column-gap-default\">\n\t\t\t\t\t<div class=\"elementor-column elementor-col-100 elementor-top-column elementor-element elementor-element-be7a31c\" data-id=\"be7a31c\" data-element_type=\"column\" data-e-type=\"column\">\n\t\t\t<div class=\"elementor-widget-wrap elementor-element-populated\">\n\t\t\t\t\t\t<div class=\"elementor-element elementor-element-764e33c elementor-widget elementor-widget-image\" data-id=\"764e33c\" data-element_type=\"widget\" data-e-type=\"widget\" data-widget_type=\"image.default\">\n\t\t\t\t<div class=\"elementor-widget-container\">\n\t\t\t\t\t\t\t\t\t\t\t\t\t\t\t\t<a href=\"https:\/\/thiant.fr\/wordpress\/documents_ext\/RV_NPC_EVPP_mai25.pdf\" target=\"_blank\">\n\t\t\t\t\t\t\t<img fetchpriority=\"high\" decoding=\"async\" width=\"800\" height=\"565\" src=\"https:\/\/thiant.fr\/wordpress\/wp-content\/uploads\/2023\/04\/RV_NPC_EVPP_mai25-2.png\" class=\"attachment-large size-large wp-image-7035\" alt=\"\" srcset=\"https:\/\/thiant.fr\/wordpress\/wp-content\/uploads\/2023\/04\/RV_NPC_EVPP_mai25-2.png 800w, https:\/\/thiant.fr\/wordpress\/wp-content\/uploads\/2023\/04\/RV_NPC_EVPP_mai25-2-300x212.png 300w, https:\/\/thiant.fr\/wordpress\/wp-content\/uploads\/2023\/04\/RV_NPC_EVPP_mai25-2-768x542.png 768w\" sizes=\"(max-width: 800px) 100vw, 800px\" \/>\t\t\t\t\t\t\t\t<\/a>\n\t\t\t\t\t\t\t\t\t\t\t\t\t\t\t<\/div>\n\t\t\t\t<\/div>\n\t\t\t\t\t<\/div>\n\t\t<\/div>\n\t\t\t\t\t<\/div>\n\t\t<\/section>\n\t\t\t\t<\/div>\n\t\t","protected":false},"excerpt":{"rendered":"<p>Contacts et informations : 03 21 60 57 60 https:\/\/hautsdefrance.chambre-agriculture.fr\/collecte-produits-phytosanitaires-pneus-huile\/ Les 13 et 14 mai prochains, a lieu la collecte des d\u00e9chets agricoles issus de l\u2019agrofourniture. Elle concerne les emballages vides de produits phytosanitaires et de produits d\u2019hygi\u00e8ne de l\u2019\u00e9levage et les sacs papiers de semences trait\u00e9es. Comme toute autre activit\u00e9, l\u2019agriculture produit des d\u00e9chets. [&hellip;]<\/p>\n","protected":false},"author":1,"featured_media":5513,"comment_status":"closed","ping_status":"closed","sticky":false,"template":"","format":"standard","meta":{"_crdt_document":"","ocean_post_layout":"","ocean_both_sidebars_style":"","ocean_both_sidebars_content_width":0,"ocean_both_sidebars_sidebars_width":0,"ocean_sidebar":"0","ocean_second_sidebar":"0","ocean_disable_margins":"enable","ocean_add_body_class":"","ocean_shortcode_before_top_bar":"","ocean_shortcode_after_top_bar":"","ocean_shortcode_before_header":"","ocean_shortcode_after_header":"","ocean_has_shortcode":"","ocean_shortcode_after_title":"","ocean_shortcode_before_footer_widgets":"","ocean_shortcode_after_footer_widgets":"","ocean_shortcode_before_footer_bottom":"","ocean_shortcode_after_footer_bottom":"","ocean_display_top_bar":"default","ocean_display_header":"default","ocean_header_style":"","ocean_center_header_left_menu":"0","ocean_custom_header_template":"0","ocean_custom_logo":0,"ocean_custom_retina_logo":0,"ocean_custom_logo_max_width":0,"ocean_custom_logo_tablet_max_width":0,"ocean_custom_logo_mobile_max_width":0,"ocean_custom_logo_max_height":0,"ocean_custom_logo_tablet_max_height":0,"ocean_custom_logo_mobile_max_height":0,"ocean_header_custom_menu":"0","ocean_menu_typo_font_family":"0","ocean_menu_typo_font_subset":"","ocean_menu_typo_font_size":0,"ocean_menu_typo_font_size_tablet":0,"ocean_menu_typo_font_size_mobile":0,"ocean_menu_typo_font_size_unit":"px","ocean_menu_typo_font_weight":"","ocean_menu_typo_font_weight_tablet":"","ocean_menu_typo_font_weight_mobile":"","ocean_menu_typo_transform":"","ocean_menu_typo_transform_tablet":"","ocean_menu_typo_transform_mobile":"","ocean_menu_typo_line_height":0,"ocean_menu_typo_line_height_tablet":0,"ocean_menu_typo_line_height_mobile":0,"ocean_menu_typo_line_height_unit":"","ocean_menu_typo_spacing":0,"ocean_menu_typo_spacing_tablet":0,"ocean_menu_typo_spacing_mobile":0,"ocean_menu_typo_spacing_unit":"","ocean_menu_link_color":"","ocean_menu_link_color_hover":"","ocean_menu_link_color_active":"","ocean_menu_link_background":"","ocean_menu_link_hover_background":"","ocean_menu_link_active_background":"","ocean_menu_social_links_bg":"","ocean_menu_social_hover_links_bg":"","ocean_menu_social_links_color":"","ocean_menu_social_hover_links_color":"","ocean_disable_title":"default","ocean_disable_heading":"default","ocean_post_title":"","ocean_post_subheading":"","ocean_post_title_style":"","ocean_post_title_background_color":"","ocean_post_title_background":0,"ocean_post_title_bg_image_position":"","ocean_post_title_bg_image_attachment":"","ocean_post_title_bg_image_repeat":"","ocean_post_title_bg_image_size":"","ocean_post_title_height":0,"ocean_post_title_bg_overlay":0.5,"ocean_post_title_bg_overlay_color":"","ocean_disable_breadcrumbs":"default","ocean_breadcrumbs_color":"","ocean_breadcrumbs_separator_color":"","ocean_breadcrumbs_links_color":"","ocean_breadcrumbs_links_hover_color":"","ocean_display_footer_widgets":"default","ocean_display_footer_bottom":"default","ocean_custom_footer_template":"0","ocean_post_oembed":"","ocean_post_self_hosted_media":"","ocean_post_video_embed":"","ocean_link_format":"","ocean_link_format_target":"self","ocean_quote_format":"","ocean_quote_format_link":"post","ocean_gallery_link_images":"off","ocean_gallery_id":[],"footnotes":""},"categories":[633],"tags":[843,853,852,848,1212,296,844,851,847,845,842,849,841,1204,846],"class_list":["post-5512","post","type-post","status-publish","format-standard","has-post-thumbnail","hentry","category-information-ecocitoyenne","tag-agricole","tag-agriculteurs","tag-agriculture","tag-bidon","tag-chambre-agriculture","tag-collecte","tag-fertilisant","tag-nord-pas-de-calais","tag-phytopharmaceutique","tag-produit-pharmaceutique","tag-produits","tag-protection-environnement","tag-recyclage","tag-sante","tag-semences","entry","has-media"],"yoast_head":"<!-- This site is optimized with the Yoast SEO plugin v27.3 - https:\/\/yoast.com\/product\/yoast-seo-wordpress\/ -->\n<title>Collecte et recyclage chez les agriculteurs - Ville de Thiant<\/title>\n<meta name=\"description\" content=\"Les 9 et 10 mai prochain \u00e0 lieu la collecte des contenants usag\u00e9s de produits chimiques, fertilisants\u2026 utilis\u00e9s dans le secteur agricole.\" \/>\n<meta name=\"robots\" content=\"index, follow, max-snippet:-1, max-image-preview:large, max-video-preview:-1\" \/>\n<link rel=\"canonical\" href=\"https:\/\/thiant.fr\/wordpress\/collecte-et-recyclage-chez-les-agriculteurs\/\" \/>\n<meta property=\"og:locale\" content=\"fr_FR\" \/>\n<meta property=\"og:type\" content=\"article\" \/>\n<meta property=\"og:title\" content=\"Collecte et recyclage chez les agriculteurs - Ville de Thiant\" \/>\n<meta property=\"og:description\" content=\"Les 9 et 10 mai prochain \u00e0 lieu la collecte des contenants usag\u00e9s de produits chimiques, fertilisants\u2026 utilis\u00e9s dans le secteur agricole.\" \/>\n<meta property=\"og:url\" content=\"https:\/\/thiant.fr\/wordpress\/collecte-et-recyclage-chez-les-agriculteurs\/\" \/>\n<meta property=\"og:site_name\" content=\"Ville de Thiant\" \/>\n<meta property=\"article:published_time\" content=\"2025-04-14T08:40:14+00:00\" \/>\n<meta property=\"article:modified_time\" content=\"2026-02-26T14:38:46+00:00\" \/>\n<meta property=\"og:image\" content=\"https:\/\/thiant.fr\/wordpress\/wp-content\/uploads\/2023\/04\/collecte-recyclage-produits-agricoles.png\" \/>\n\t<meta property=\"og:image:width\" content=\"730\" \/>\n\t<meta property=\"og:image:height\" content=\"487\" \/>\n\t<meta property=\"og:image:type\" content=\"image\/png\" \/>\n<meta name=\"author\" content=\"Service communication\" \/>\n<meta name=\"twitter:card\" content=\"summary_large_image\" \/>\n<meta name=\"twitter:label1\" content=\"\u00c9crit par\" \/>\n\t<meta name=\"twitter:data1\" content=\"Service communication\" \/>\n\t<meta name=\"twitter:label2\" content=\"Dur\u00e9e de lecture estim\u00e9e\" \/>\n\t<meta name=\"twitter:data2\" content=\"3 minutes\" \/>\n<script type=\"application\/ld+json\" class=\"yoast-schema-graph\">{\"@context\":\"https:\\\/\\\/schema.org\",\"@graph\":[{\"@type\":\"Article\",\"@id\":\"https:\\\/\\\/thiant.fr\\\/wordpress\\\/collecte-et-recyclage-chez-les-agriculteurs\\\/#article\",\"isPartOf\":{\"@id\":\"https:\\\/\\\/thiant.fr\\\/wordpress\\\/collecte-et-recyclage-chez-les-agriculteurs\\\/\"},\"author\":{\"name\":\"Service communication\",\"@id\":\"https:\\\/\\\/thiant.fr\\\/wordpress\\\/#\\\/schema\\\/person\\\/f41122130d18c0720657431d990451c6\"},\"headline\":\"Collecte et recyclage chez les agriculteurs\",\"datePublished\":\"2025-04-14T08:40:14+00:00\",\"dateModified\":\"2026-02-26T14:38:46+00:00\",\"mainEntityOfPage\":{\"@id\":\"https:\\\/\\\/thiant.fr\\\/wordpress\\\/collecte-et-recyclage-chez-les-agriculteurs\\\/\"},\"wordCount\":405,\"publisher\":{\"@id\":\"https:\\\/\\\/thiant.fr\\\/wordpress\\\/#organization\"},\"image\":{\"@id\":\"https:\\\/\\\/thiant.fr\\\/wordpress\\\/collecte-et-recyclage-chez-les-agriculteurs\\\/#primaryimage\"},\"thumbnailUrl\":\"https:\\\/\\\/thiant.fr\\\/wordpress\\\/wp-content\\\/uploads\\\/2023\\\/04\\\/collecte-recyclage-produits-agricoles.png\",\"keywords\":[\"agricole\",\"agriculteurs\",\"agriculture\",\"bidon\",\"chambre agriculture\",\"collecte\",\"fertilisant\",\"Nord-Pas-de-Calais\",\"phytopharmaceutique\",\"produit pharmaceutique\",\"produits\",\"protection environnement\",\"recyclage\",\"sant\u00e9\",\"semences\"],\"articleSection\":[\"Information \u00e9cocitoyenne\"],\"inLanguage\":\"fr-FR\"},{\"@type\":\"WebPage\",\"@id\":\"https:\\\/\\\/thiant.fr\\\/wordpress\\\/collecte-et-recyclage-chez-les-agriculteurs\\\/\",\"url\":\"https:\\\/\\\/thiant.fr\\\/wordpress\\\/collecte-et-recyclage-chez-les-agriculteurs\\\/\",\"name\":\"Collecte et recyclage chez les agriculteurs - Ville de Thiant\",\"isPartOf\":{\"@id\":\"https:\\\/\\\/thiant.fr\\\/wordpress\\\/#website\"},\"primaryImageOfPage\":{\"@id\":\"https:\\\/\\\/thiant.fr\\\/wordpress\\\/collecte-et-recyclage-chez-les-agriculteurs\\\/#primaryimage\"},\"image\":{\"@id\":\"https:\\\/\\\/thiant.fr\\\/wordpress\\\/collecte-et-recyclage-chez-les-agriculteurs\\\/#primaryimage\"},\"thumbnailUrl\":\"https:\\\/\\\/thiant.fr\\\/wordpress\\\/wp-content\\\/uploads\\\/2023\\\/04\\\/collecte-recyclage-produits-agricoles.png\",\"datePublished\":\"2025-04-14T08:40:14+00:00\",\"dateModified\":\"2026-02-26T14:38:46+00:00\",\"description\":\"Les 9 et 10 mai prochain \u00e0 lieu la collecte des contenants usag\u00e9s de produits chimiques, fertilisants\u2026 utilis\u00e9s dans le secteur agricole.\",\"breadcrumb\":{\"@id\":\"https:\\\/\\\/thiant.fr\\\/wordpress\\\/collecte-et-recyclage-chez-les-agriculteurs\\\/#breadcrumb\"},\"inLanguage\":\"fr-FR\",\"potentialAction\":[{\"@type\":\"ReadAction\",\"target\":[\"https:\\\/\\\/thiant.fr\\\/wordpress\\\/collecte-et-recyclage-chez-les-agriculteurs\\\/\"]}]},{\"@type\":\"ImageObject\",\"inLanguage\":\"fr-FR\",\"@id\":\"https:\\\/\\\/thiant.fr\\\/wordpress\\\/collecte-et-recyclage-chez-les-agriculteurs\\\/#primaryimage\",\"url\":\"https:\\\/\\\/thiant.fr\\\/wordpress\\\/wp-content\\\/uploads\\\/2023\\\/04\\\/collecte-recyclage-produits-agricoles.png\",\"contentUrl\":\"https:\\\/\\\/thiant.fr\\\/wordpress\\\/wp-content\\\/uploads\\\/2023\\\/04\\\/collecte-recyclage-produits-agricoles.png\",\"width\":730,\"height\":487},{\"@type\":\"BreadcrumbList\",\"@id\":\"https:\\\/\\\/thiant.fr\\\/wordpress\\\/collecte-et-recyclage-chez-les-agriculteurs\\\/#breadcrumb\",\"itemListElement\":[{\"@type\":\"ListItem\",\"position\":1,\"name\":\"Accueil\",\"item\":\"https:\\\/\\\/thiant.fr\\\/wordpress\\\/\"},{\"@type\":\"ListItem\",\"position\":2,\"name\":\"Collecte et recyclage chez les agriculteurs\"}]},{\"@type\":\"WebSite\",\"@id\":\"https:\\\/\\\/thiant.fr\\\/wordpress\\\/#website\",\"url\":\"https:\\\/\\\/thiant.fr\\\/wordpress\\\/\",\"name\":\"Ville de Thiant\",\"description\":\"Site officiel de la ville de Thiant\",\"publisher\":{\"@id\":\"https:\\\/\\\/thiant.fr\\\/wordpress\\\/#organization\"},\"potentialAction\":[{\"@type\":\"SearchAction\",\"target\":{\"@type\":\"EntryPoint\",\"urlTemplate\":\"https:\\\/\\\/thiant.fr\\\/wordpress\\\/?s={search_term_string}\"},\"query-input\":{\"@type\":\"PropertyValueSpecification\",\"valueRequired\":true,\"valueName\":\"search_term_string\"}}],\"inLanguage\":\"fr-FR\"},{\"@type\":\"Organization\",\"@id\":\"https:\\\/\\\/thiant.fr\\\/wordpress\\\/#organization\",\"name\":\"Ville de Thiant\",\"url\":\"https:\\\/\\\/thiant.fr\\\/wordpress\\\/\",\"logo\":{\"@type\":\"ImageObject\",\"inLanguage\":\"fr-FR\",\"@id\":\"https:\\\/\\\/thiant.fr\\\/wordpress\\\/#\\\/schema\\\/logo\\\/image\\\/\",\"url\":\"https:\\\/\\\/thiant.fr\\\/wordpress\\\/wp-content\\\/uploads\\\/2019\\\/08\\\/Thiant_Illdy_4.png\",\"contentUrl\":\"https:\\\/\\\/thiant.fr\\\/wordpress\\\/wp-content\\\/uploads\\\/2019\\\/08\\\/Thiant_Illdy_4.png\",\"width\":105,\"height\":75,\"caption\":\"Ville de Thiant\"},\"image\":{\"@id\":\"https:\\\/\\\/thiant.fr\\\/wordpress\\\/#\\\/schema\\\/logo\\\/image\\\/\"}},{\"@type\":\"Person\",\"@id\":\"https:\\\/\\\/thiant.fr\\\/wordpress\\\/#\\\/schema\\\/person\\\/f41122130d18c0720657431d990451c6\",\"name\":\"Service communication\",\"image\":{\"@type\":\"ImageObject\",\"inLanguage\":\"fr-FR\",\"@id\":\"https:\\\/\\\/secure.gravatar.com\\\/avatar\\\/527d4f1f1330a82db5a7ea7738ddeb994fd26c4537512a833d99b387808ee250?s=96&r=g\",\"url\":\"https:\\\/\\\/secure.gravatar.com\\\/avatar\\\/527d4f1f1330a82db5a7ea7738ddeb994fd26c4537512a833d99b387808ee250?s=96&r=g\",\"contentUrl\":\"https:\\\/\\\/secure.gravatar.com\\\/avatar\\\/527d4f1f1330a82db5a7ea7738ddeb994fd26c4537512a833d99b387808ee250?s=96&r=g\",\"caption\":\"Service communication\"},\"url\":\"https:\\\/\\\/thiant.fr\\\/wordpress\\\/author\\\/adminwpress\\\/\"}]}<\/script>\n<!-- \/ Yoast SEO plugin. -->","yoast_head_json":{"title":"Collecte et recyclage chez les agriculteurs - Ville de Thiant","description":"Les 9 et 10 mai prochain \u00e0 lieu la collecte des contenants usag\u00e9s de produits chimiques, fertilisants\u2026 utilis\u00e9s dans le secteur agricole.","robots":{"index":"index","follow":"follow","max-snippet":"max-snippet:-1","max-image-preview":"max-image-preview:large","max-video-preview":"max-video-preview:-1"},"canonical":"https:\/\/thiant.fr\/wordpress\/collecte-et-recyclage-chez-les-agriculteurs\/","og_locale":"fr_FR","og_type":"article","og_title":"Collecte et recyclage chez les agriculteurs - Ville de Thiant","og_description":"Les 9 et 10 mai prochain \u00e0 lieu la collecte des contenants usag\u00e9s de produits chimiques, fertilisants\u2026 utilis\u00e9s dans le secteur agricole.","og_url":"https:\/\/thiant.fr\/wordpress\/collecte-et-recyclage-chez-les-agriculteurs\/","og_site_name":"Ville de Thiant","article_published_time":"2025-04-14T08:40:14+00:00","article_modified_time":"2026-02-26T14:38:46+00:00","og_image":[{"width":730,"height":487,"url":"https:\/\/thiant.fr\/wordpress\/wp-content\/uploads\/2023\/04\/collecte-recyclage-produits-agricoles.png","type":"image\/png"}],"author":"Service communication","twitter_card":"summary_large_image","twitter_misc":{"\u00c9crit par":"Service communication","Dur\u00e9e de lecture estim\u00e9e":"3 minutes"},"schema":{"@context":"https:\/\/schema.org","@graph":[{"@type":"Article","@id":"https:\/\/thiant.fr\/wordpress\/collecte-et-recyclage-chez-les-agriculteurs\/#article","isPartOf":{"@id":"https:\/\/thiant.fr\/wordpress\/collecte-et-recyclage-chez-les-agriculteurs\/"},"author":{"name":"Service communication","@id":"https:\/\/thiant.fr\/wordpress\/#\/schema\/person\/f41122130d18c0720657431d990451c6"},"headline":"Collecte et recyclage chez les agriculteurs","datePublished":"2025-04-14T08:40:14+00:00","dateModified":"2026-02-26T14:38:46+00:00","mainEntityOfPage":{"@id":"https:\/\/thiant.fr\/wordpress\/collecte-et-recyclage-chez-les-agriculteurs\/"},"wordCount":405,"publisher":{"@id":"https:\/\/thiant.fr\/wordpress\/#organization"},"image":{"@id":"https:\/\/thiant.fr\/wordpress\/collecte-et-recyclage-chez-les-agriculteurs\/#primaryimage"},"thumbnailUrl":"https:\/\/thiant.fr\/wordpress\/wp-content\/uploads\/2023\/04\/collecte-recyclage-produits-agricoles.png","keywords":["agricole","agriculteurs","agriculture","bidon","chambre agriculture","collecte","fertilisant","Nord-Pas-de-Calais","phytopharmaceutique","produit pharmaceutique","produits","protection environnement","recyclage","sant\u00e9","semences"],"articleSection":["Information \u00e9cocitoyenne"],"inLanguage":"fr-FR"},{"@type":"WebPage","@id":"https:\/\/thiant.fr\/wordpress\/collecte-et-recyclage-chez-les-agriculteurs\/","url":"https:\/\/thiant.fr\/wordpress\/collecte-et-recyclage-chez-les-agriculteurs\/","name":"Collecte et recyclage chez les agriculteurs - Ville de Thiant","isPartOf":{"@id":"https:\/\/thiant.fr\/wordpress\/#website"},"primaryImageOfPage":{"@id":"https:\/\/thiant.fr\/wordpress\/collecte-et-recyclage-chez-les-agriculteurs\/#primaryimage"},"image":{"@id":"https:\/\/thiant.fr\/wordpress\/collecte-et-recyclage-chez-les-agriculteurs\/#primaryimage"},"thumbnailUrl":"https:\/\/thiant.fr\/wordpress\/wp-content\/uploads\/2023\/04\/collecte-recyclage-produits-agricoles.png","datePublished":"2025-04-14T08:40:14+00:00","dateModified":"2026-02-26T14:38:46+00:00","description":"Les 9 et 10 mai prochain \u00e0 lieu la collecte des contenants usag\u00e9s de produits chimiques, fertilisants\u2026 utilis\u00e9s dans le secteur agricole.","breadcrumb":{"@id":"https:\/\/thiant.fr\/wordpress\/collecte-et-recyclage-chez-les-agriculteurs\/#breadcrumb"},"inLanguage":"fr-FR","potentialAction":[{"@type":"ReadAction","target":["https:\/\/thiant.fr\/wordpress\/collecte-et-recyclage-chez-les-agriculteurs\/"]}]},{"@type":"ImageObject","inLanguage":"fr-FR","@id":"https:\/\/thiant.fr\/wordpress\/collecte-et-recyclage-chez-les-agriculteurs\/#primaryimage","url":"https:\/\/thiant.fr\/wordpress\/wp-content\/uploads\/2023\/04\/collecte-recyclage-produits-agricoles.png","contentUrl":"https:\/\/thiant.fr\/wordpress\/wp-content\/uploads\/2023\/04\/collecte-recyclage-produits-agricoles.png","width":730,"height":487},{"@type":"BreadcrumbList","@id":"https:\/\/thiant.fr\/wordpress\/collecte-et-recyclage-chez-les-agriculteurs\/#breadcrumb","itemListElement":[{"@type":"ListItem","position":1,"name":"Accueil","item":"https:\/\/thiant.fr\/wordpress\/"},{"@type":"ListItem","position":2,"name":"Collecte et recyclage chez les agriculteurs"}]},{"@type":"WebSite","@id":"https:\/\/thiant.fr\/wordpress\/#website","url":"https:\/\/thiant.fr\/wordpress\/","name":"Ville de Thiant","description":"Site officiel de la ville de Thiant","publisher":{"@id":"https:\/\/thiant.fr\/wordpress\/#organization"},"potentialAction":[{"@type":"SearchAction","target":{"@type":"EntryPoint","urlTemplate":"https:\/\/thiant.fr\/wordpress\/?s={search_term_string}"},"query-input":{"@type":"PropertyValueSpecification","valueRequired":true,"valueName":"search_term_string"}}],"inLanguage":"fr-FR"},{"@type":"Organization","@id":"https:\/\/thiant.fr\/wordpress\/#organization","name":"Ville de Thiant","url":"https:\/\/thiant.fr\/wordpress\/","logo":{"@type":"ImageObject","inLanguage":"fr-FR","@id":"https:\/\/thiant.fr\/wordpress\/#\/schema\/logo\/image\/","url":"https:\/\/thiant.fr\/wordpress\/wp-content\/uploads\/2019\/08\/Thiant_Illdy_4.png","contentUrl":"https:\/\/thiant.fr\/wordpress\/wp-content\/uploads\/2019\/08\/Thiant_Illdy_4.png","width":105,"height":75,"caption":"Ville de Thiant"},"image":{"@id":"https:\/\/thiant.fr\/wordpress\/#\/schema\/logo\/image\/"}},{"@type":"Person","@id":"https:\/\/thiant.fr\/wordpress\/#\/schema\/person\/f41122130d18c0720657431d990451c6","name":"Service communication","image":{"@type":"ImageObject","inLanguage":"fr-FR","@id":"https:\/\/secure.gravatar.com\/avatar\/527d4f1f1330a82db5a7ea7738ddeb994fd26c4537512a833d99b387808ee250?s=96&r=g","url":"https:\/\/secure.gravatar.com\/avatar\/527d4f1f1330a82db5a7ea7738ddeb994fd26c4537512a833d99b387808ee250?s=96&r=g","contentUrl":"https:\/\/secure.gravatar.com\/avatar\/527d4f1f1330a82db5a7ea7738ddeb994fd26c4537512a833d99b387808ee250?s=96&r=g","caption":"Service communication"},"url":"https:\/\/thiant.fr\/wordpress\/author\/adminwpress\/"}]}},"_links":{"self":[{"href":"https:\/\/thiant.fr\/wordpress\/wp-json\/wp\/v2\/posts\/5512","targetHints":{"allow":["GET"]}}],"collection":[{"href":"https:\/\/thiant.fr\/wordpress\/wp-json\/wp\/v2\/posts"}],"about":[{"href":"https:\/\/thiant.fr\/wordpress\/wp-json\/wp\/v2\/types\/post"}],"author":[{"embeddable":true,"href":"https:\/\/thiant.fr\/wordpress\/wp-json\/wp\/v2\/users\/1"}],"replies":[{"embeddable":true,"href":"https:\/\/thiant.fr\/wordpress\/wp-json\/wp\/v2\/comments?post=5512"}],"version-history":[{"count":21,"href":"https:\/\/thiant.fr\/wordpress\/wp-json\/wp\/v2\/posts\/5512\/revisions"}],"predecessor-version":[{"id":7568,"href":"https:\/\/thiant.fr\/wordpress\/wp-json\/wp\/v2\/posts\/5512\/revisions\/7568"}],"wp:featuredmedia":[{"embeddable":true,"href":"https:\/\/thiant.fr\/wordpress\/wp-json\/wp\/v2\/media\/5513"}],"wp:attachment":[{"href":"https:\/\/thiant.fr\/wordpress\/wp-json\/wp\/v2\/media?parent=5512"}],"wp:term":[{"taxonomy":"category","embeddable":true,"href":"https:\/\/thiant.fr\/wordpress\/wp-json\/wp\/v2\/categories?post=5512"},{"taxonomy":"post_tag","embeddable":true,"href":"https:\/\/thiant.fr\/wordpress\/wp-json\/wp\/v2\/tags?post=5512"}],"curies":[{"name":"wp","href":"https:\/\/api.w.org\/{rel}","templated":true}]}}