{"id":5698,"date":"2023-07-06T14:58:02","date_gmt":"2023-07-06T12:58:02","guid":{"rendered":"https:\/\/thiant.fr\/wordpress\/?p=5698"},"modified":"2023-07-17T11:24:56","modified_gmt":"2023-07-17T09:24:56","slug":"arretes-prefectoraux-concernant-les-feux-dartifice-les-armes-et-le-carburant","status":"publish","type":"post","link":"https:\/\/thiant.fr\/wordpress\/arretes-prefectoraux-concernant-les-feux-dartifice-les-armes-et-le-carburant\/","title":{"rendered":"Arr\u00eat\u00e9s pr\u00e9fectoraux concernant les feux d&#8217;artifice, les armes et le carburant"},"content":{"rendered":"\t\t<div data-elementor-type=\"wp-post\" data-elementor-id=\"5698\" class=\"elementor elementor-5698\">\n\t\t\t\t\t\t<section class=\"elementor-section elementor-top-section elementor-element elementor-element-a2fb2ce elementor-section-boxed elementor-section-height-default elementor-section-height-default\" data-id=\"a2fb2ce\" data-element_type=\"section\" data-e-type=\"section\">\n\t\t\t\t\t\t<div class=\"elementor-container elementor-column-gap-default\">\n\t\t\t\t\t<div class=\"elementor-column elementor-col-100 elementor-top-column elementor-element elementor-element-1f746cf\" data-id=\"1f746cf\" data-element_type=\"column\" data-e-type=\"column\">\n\t\t\t<div class=\"elementor-widget-wrap elementor-element-populated\">\n\t\t\t\t\t\t<div class=\"elementor-element elementor-element-404c822 elementor-tabs-view-horizontal elementor-widget elementor-widget-tabs\" data-id=\"404c822\" data-element_type=\"widget\" data-e-type=\"widget\" data-widget_type=\"tabs.default\">\n\t\t\t\t<div class=\"elementor-widget-container\">\n\t\t\t\t\t\t\t<div class=\"elementor-tabs\">\n\t\t\t<div class=\"elementor-tabs-wrapper\" role=\"tablist\" >\n\t\t\t\t\t\t\t\t\t<div id=\"elementor-tab-title-6741\" class=\"elementor-tab-title elementor-tab-desktop-title\" aria-selected=\"true\" data-tab=\"1\" role=\"tab\" tabindex=\"0\" aria-controls=\"elementor-tab-content-6741\" aria-expanded=\"false\">Feux d'artifice<\/div>\n\t\t\t\t\t\t\t\t\t<div id=\"elementor-tab-title-6742\" class=\"elementor-tab-title elementor-tab-desktop-title\" aria-selected=\"false\" data-tab=\"2\" role=\"tab\" tabindex=\"-1\" aria-controls=\"elementor-tab-content-6742\" aria-expanded=\"false\">Carburant<\/div>\n\t\t\t\t\t\t\t\t\t<div id=\"elementor-tab-title-6743\" class=\"elementor-tab-title elementor-tab-desktop-title\" aria-selected=\"false\" data-tab=\"3\" role=\"tab\" tabindex=\"-1\" aria-controls=\"elementor-tab-content-6743\" aria-expanded=\"false\">Armes<\/div>\n\t\t\t\t\t\t\t<\/div>\n\t\t\t<div class=\"elementor-tabs-content-wrapper\" role=\"tablist\" aria-orientation=\"vertical\">\n\t\t\t\t\t\t\t\t\t<div class=\"elementor-tab-title elementor-tab-mobile-title\" aria-selected=\"true\" data-tab=\"1\" role=\"tab\" tabindex=\"0\" aria-controls=\"elementor-tab-content-6741\" aria-expanded=\"false\">Feux d'artifice<\/div>\n\t\t\t\t\t<div id=\"elementor-tab-content-6741\" class=\"elementor-tab-content elementor-clearfix\" data-tab=\"1\" role=\"tabpanel\" aria-labelledby=\"elementor-tab-title-6741\" tabindex=\"0\" hidden=\"false\"><p><img decoding=\"async\" class=\"size-full wp-image-2547 alignleft\" src=\"https:\/\/thiant.fr\/wordpress\/wp-content\/uploads\/2021\/03\/Logo-Prefet-Nord.png\" alt=\"\" width=\"134\" height=\"134\" \/><\/p><p>\u00a0<\/p><p><span style=\"color: #333333;\">Cabinet du Pr\u00e9fet <\/span><br \/><span style=\"color: #333333;\">Direction des s\u00e9curit\u00e9s <\/span><br \/><span style=\"color: #333333;\">Bureau de l&#8217;ordre public<\/span><\/p><p style=\"text-align: center;\"><strong><span style=\"color: #333333;\">Arr\u00eat\u00e9 r\u00e9glementant l&#8217;utilisation, la d\u00e9tention, la vente et l&#8217;achat des artifices de divertissement sur la voie publique dans le d\u00e9partement du Nord<\/span><\/strong><\/p><p style=\"text-align: center;\"><span style=\"color: #333333;\">Le pr\u00e9fet de la r\u00e9gion Hauts-de-France <\/span><br \/><span style=\"color: #333333;\">pr\u00e9fet du Nord, <\/span><\/p><p><span style=\"color: #333333;\">Vu la directive europ\u00e9enne n\u00b02013\/29\/UE du 12 juin 2013 relative \u00e0 la mise \u00e0 disposition sur le march\u00e9 des articles pyrotechniques ;<\/span><\/p><p><span style=\"color: #333333;\">Vu le code de l&#8217;environnement : articles L557-4 et suivants ; articles : R 557-6-1, R 557-6-3 et R 557-6-7 sur le marquage \u00ab CE\u00bb ; <\/span><\/p><p><span style=\"color: #333333;\">Vu le code p\u00e9nal ; <\/span><\/p><p><span style=\"color: #333333;\">Vu code g\u00e9n\u00e9ral des collectivit\u00e9s territoriales, et notamment son article L 2215-1 ;<\/span><\/p><p><span style=\"color: #333333;\">Vu le d\u00e9cret n\u00b02004-374 du 29. avril 2004 modifi\u00e9, relatif aux pouvoirs des pr\u00e9fets, \u00e0 l&#8217;organisation et \u00e0 l&#8217;action des services de l&#8217;\u00c9tat dans les r\u00e9gions et d\u00e9partements ; <\/span><\/p><p><span style=\"color: #333333;\">Vu le d\u00e9cret du 30 juin 2021 nommant Monsieur Georges-Fran\u00e7ois LECLERC, pr\u00e9fet de la r\u00e9gion Hauts-de-France, pr\u00e9fet de la zone de d\u00e9fense et de s\u00e9curit\u00e9 Nord, pr\u00e9fet du Nord ; <\/span><\/p><p><span style=\"color: #333333;\">Consid\u00e9rant les nuisances sonores occasionn\u00e9es par l&#8217;utilisation de ces artifices ; <\/span><\/p><p><span style=\"color: #333333;\">Consid\u00e9rant les dangers, les accidents et les atteintes graves aux personnes et aux biens qui peuvent r\u00e9sulter de l&#8217;utilisation inconsid\u00e9r\u00e9e ou malintentionn\u00e9e des artifices de divertissement des cat\u00e9gories F2 \u00e0 F4, particuli\u00e8rement sur la voie publique ; <\/span><\/p><p><span style=\"color: #333333;\">Consid\u00e9rant que cette utilisation est notamment le fait de mineurs ; <\/span><\/p><p><span style=\"color: #333333;\">Consid\u00e9rant que dans le cadre des violences urbaines commises depuis la nuit du mardi 27 juin 2023 dans de nombreuses communes du d\u00e9partement du Nord, \u00e0 plusieurs reprises des artifices ont \u00e9t\u00e9 utilis\u00e9s comme armes par destination \u00e0 l&#8217;encontre de tiers et notamment \u00e0 destination des services de police, de gendarmerie ou des sapeurs-pompiers g\u00e9n\u00e9rant des blessures parfois tr\u00e8s graves (traumatismes auditifs, br\u00fblures) ; <\/span><\/p><p><span style=\"color: #333333;\">Consid\u00e9rant que plusieurs policiers ont \u00e9t\u00e9 bless\u00e9s et br\u00fbl\u00e9s au premier degr\u00e9 suite \u00e0 des tirs de mortiers depuis le d\u00e9but des violences urbaines dans le d\u00e9partement du Nord ;<\/span><\/p><p><span style=\"color: #333333;\">Vu l&#8217;urgence ; <\/span><\/p><p><span style=\"color: #333333;\">Sur proposition du sous-pr\u00e9fet, directeur de cabinet ; <\/span><\/p><p style=\"text-align: center;\"><strong><span style=\"color: #333333;\">ARRETE <\/span><\/strong><\/p><p style=\"text-align: left;\"><span style=\"text-decoration: underline;\"><span style=\"color: #333333; text-decoration: underline;\">Article 1 :<\/span><\/span><\/p><p style=\"text-align: left;\"><span style=\"color: #333333;\">A compter du mercredi 5 juillet 2023 8h au samedi 15 juillet 2023 8h, l&#8217;utilisation, la d\u00e9tention sur la voie publique ainsi que la vente et l&#8217;achat des artifices de divertissement, notamment de cat\u00e9gories F2, F3, F4, T2, P1 et P2, au sens du d\u00e9cret n\u00b02010-580 du 31 mai 2010 modifi\u00e9, sont interdites par les non-professionnels, dans le d\u00e9partement du Nord. <br \/><\/span><\/p><p style=\"text-align: left;\"><span style=\"color: #333333;\"><span style=\"text-decoration: underline;\">Article 2 :<\/span> <br \/><\/span><\/p><p style=\"text-align: left;\"><span style=\"color: #333333;\">Seules sont autoris\u00e9es, durant cette p\u00e9riode, la vente et la mise en \u0153uvre de ces artifices \u00e0 des usages professionnels par des personnes titulaires de l&#8217;agr\u00e9ment pr\u00e9fectoral correspondant. <br \/><\/span><\/p><p style=\"text-align: left;\"><span style=\"color: #333333;\"><span style=\"text-decoration: underline;\">Article 3 :<\/span> <br \/><\/span><\/p><p style=\"text-align: left;\"><span style=\"color: #333333;\">Le directeur de cabinet du pr\u00e9fet du Nord, les sous-pr\u00e9fets d&#8217;arrondissement, les maires des communes du d\u00e9partement, le directeur d\u00e9partemental de la s\u00e9curit\u00e9 publique, le commandant de groupement de gendarmerie du d\u00e9partement et la directrice d\u00e9partementale de la protection des populations sont charg\u00e9s, chacun en ce qui le concerne, de l&#8217;ex\u00e9cution du pr\u00e9sent arr\u00eat\u00e9. <br \/><\/span><\/p><p style=\"text-align: left;\"><span style=\"color: #333333;\"><span style=\"text-decoration: underline;\">Article 4 :<\/span> <br \/><\/span><\/p><p style=\"text-align: left;\"><span style=\"color: #333333;\">Le pr\u00e9sent arr\u00eat\u00e9 sera publi\u00e9 au recueil des actes administratifs de la pr\u00e9fecture et transmis en vue d&#8217;affichage et de publicit\u00e9 \u00e0 l&#8217;ensemble des maires du d\u00e9partement.\u00a0<\/span><\/p><p style=\"text-align: right;\"><span style=\"color: #333333;\">Lille, le 04 juillet 2023<\/span><br \/><span style=\"color: #333333;\">Georges-Fran\u00e7ois LECLERC<\/span><\/p><p><span style=\"color: #333333;\">Conform\u00e9ment \u00e0 l&#8217;article R.421-1 du code de justice administrative, dans un d\u00e9lai de deux mois, le pr\u00e9\u00adsent arr\u00eat\u00e9 peut faire l&#8217;objet d&#8217;un recours devant le tribunal administratif de Lille, pouvant \u00eatre saisi par l&#8217;application T\u00e9l\u00e9recours citoyens accessible via le site www.telerecours.fr <\/span><\/p><\/div>\n\t\t\t\t\t\t\t\t\t<div class=\"elementor-tab-title elementor-tab-mobile-title\" aria-selected=\"false\" data-tab=\"2\" role=\"tab\" tabindex=\"-1\" aria-controls=\"elementor-tab-content-6742\" aria-expanded=\"false\">Carburant<\/div>\n\t\t\t\t\t<div id=\"elementor-tab-content-6742\" class=\"elementor-tab-content elementor-clearfix\" data-tab=\"2\" role=\"tabpanel\" aria-labelledby=\"elementor-tab-title-6742\" tabindex=\"0\" hidden=\"hidden\"><p><img decoding=\"async\" class=\"size-full wp-image-2547 alignleft\" src=\"https:\/\/thiant.fr\/wordpress\/wp-content\/uploads\/2021\/03\/Logo-Prefet-Nord.png\" alt=\"\" width=\"134\" height=\"134\" \/><\/p><p>\u00a0<\/p><p><span style=\"color: #333333;\">Cabinet du Pr\u00e9fet <\/span><br \/><span style=\"color: #333333;\">Direction des s\u00e9curit\u00e9s <\/span><br \/><span style=\"color: #333333;\">Bureau de l&#8217;ordre public<\/span><\/p><p>\u00a0<\/p><p style=\"text-align: center;\"><span style=\"color: #333333;\"><strong>Arr\u00eat\u00e9 portant interdiction de distribution, <\/strong><\/span><br \/><span style=\"color: #333333;\"><strong>de vente et d&#8217;achat \u00e0 emporter de carburants aux particuliers<\/strong><\/span><\/p><p style=\"text-align: center;\"><span style=\"color: #333333;\">Le pr\u00e9fet de la r\u00e9gion Hauts-de-France <\/span><br \/><span style=\"color: #333333;\">pr\u00e9fet du Nord, <\/span><\/p><p><span style=\"color: #333333;\">Vu le code p\u00e9nal ; <\/span><\/p><p><span style=\"color: #333333;\">Vu le code g\u00e9n\u00e9ral des collectivit\u00e9s territoriales, et notamment son article L 2215-1 ; <\/span><\/p><p><span style=\"color: #333333;\">Vu le d\u00e9cret n 2004-374 du 29 avril 2004 relatif aux pouvoirs des pr\u00e9fets, \u00e0 l&#8217;organisation et \u00e0 l&#8217;action des services de l&#8217;\u00c9tat dans les r\u00e9gions et d\u00e9partements ;<\/span><\/p><p><span style=\"color: #333333;\">Vu le d\u00e9cret du 30 juin 2021 nommant Monsieur Georges-Fran\u00e7ois LECLERC, pr\u00e9fet de la r\u00e9gion Hauts-de-France, pr\u00e9fet de la zone de d\u00e9fense et de s\u00e9curit\u00e9 Nord, pr\u00e9fet du Nord ; <\/span><\/p><p><span style=\"color: #333333;\">Consid\u00e9rant que depuis la nuit du 27 juin 2023, des violences urbaines ont \u00e9clat\u00e9 dans plusieurs communes du d\u00e9partement ; <\/span><\/p><p><span style=\"color: #333333;\">Consid\u00e9rant que de tr\u00e8s nombreux incendies ont \u00e9t\u00e9 constat\u00e9s tant de poubelles, de v\u00e9hicules ou de b\u00e2timents et de mobiliers urbains ;<\/span><\/p><p><span style=\"color: #333333;\">Consid\u00e9rant que l&#8217;un des moyens pour commettre des incendies ou des tentatives d&#8217;incendies volontaires constat\u00e9s lors de ces d\u00e9bordements consiste \u00e0 utiliser \u00e0 des fins autres que celle pour lesquelles ils sont propos\u00e9s \u00e0 la vente, les carburants et combustibles domestiques et qu&#8217;il convient de ce fait d&#8217;en restreindre les conditions de distribution, d&#8217;achat et de vente \u00e0 emporter ; <\/span><\/p><p><span style=\"color: #333333;\">Consid\u00e9rant que toutes les mesures doivent \u00eatre prises pour pr\u00e9venir la survenance des incendies volontaires ou en limiter les cons\u00e9quences ; <\/span><\/p><p><span style=\"color: #333333;\">Sur proposition du sous-pr\u00e9fet, directeur de cabinet, <\/span><\/p><p style=\"text-align: center;\"><strong><span style=\"color: #333333;\">ARRETE <\/span><\/strong><\/p><p><span style=\"text-decoration: underline;\"><span style=\"color: #333333; text-decoration: underline;\">Article 1 :<\/span><\/span><\/p><p><span style=\"color: #333333;\">La distribution, la vente et l&#8217;achat de carburants aux particuliers sont interdits dans tout r\u00e9cipient transportable, sauf n\u00e9cessit\u00e9 d\u00fbment justifi\u00e9e par le client et v\u00e9rifi\u00e9e, en tant que de besoin, avec le concours des services de police ou de gendarmerie locaux du mercredi 5 juillet 2023 8h au samedi 15 juillet 2023 8h, sur l&#8217;ensemble du d\u00e9partement du Nord. <\/span><\/p><p><span style=\"color: #333333;\">Les g\u00e9rants et exploitants de stations-services, notamment celles qui disposent d&#8217;appareils automatis\u00e9s permettant la distribution de carburant, doivent prendre les dispositions n\u00e9cessaires pour faire respecter cette interdiction.<\/span><\/p><p><span style=\"text-decoration: underline; color: #333333;\">Article 2 :<\/span><\/p><p><span style=\"color: #333333;\">Le directeur de cabinet du pr\u00e9fet du Nord, les sous-pr\u00e9fets d&#8217;arrondissement, les maires des communes du d\u00e9partement, le directeur d\u00e9partemental de la s\u00e9curit\u00e9 publique et le commandant de groupement de gendarmerie du d\u00e9partement sont charg\u00e9s chacun en ce qui le concerne de l&#8217;ex\u00e9cution du pr\u00e9sent arr\u00eat\u00e9. <\/span><\/p><p><span style=\"text-decoration: underline; color: #333333;\">Article 3 :<\/span><\/p><p><span style=\"color: #333333;\">Le pr\u00e9sent arr\u00eat\u00e9 sera publi\u00e9 au recueil des actes administratifs de la pr\u00e9fecture et transmis en vue d&#8217;affichage et de publicit\u00e9 \u00e0 l&#8217;ensemble des maires du d\u00e9partement.<\/span><\/p><p style=\"text-align: right;\"><span style=\"color: #333333;\">Lille, le 4 juillet 2023<\/span><br \/><span style=\"color: #333333;\">Georges-Fran\u00e7ois LECLERC<\/span><\/p><p><span style=\"color: #333333;\">Conform\u00e9ment \u00e0 l&#8217;article R.421-1 du code de justice administrative, dans un d\u00e9lai de deux mois, le pr\u00e9\u00adsent arr\u00eat\u00e9 peut faire robjet d&#8217;un recours devant le tribunal administratif de Lille, pouvant \u00eatre saisi par l&#8217;application T\u00e9l\u00e9recours citoyens accessible via le site www.telerecours.fr <\/span><\/p><\/div>\n\t\t\t\t\t\t\t\t\t<div class=\"elementor-tab-title elementor-tab-mobile-title\" aria-selected=\"false\" data-tab=\"3\" role=\"tab\" tabindex=\"-1\" aria-controls=\"elementor-tab-content-6743\" aria-expanded=\"false\">Armes<\/div>\n\t\t\t\t\t<div id=\"elementor-tab-content-6743\" class=\"elementor-tab-content elementor-clearfix\" data-tab=\"3\" role=\"tabpanel\" aria-labelledby=\"elementor-tab-title-6743\" tabindex=\"0\" hidden=\"hidden\"><p><img decoding=\"async\" class=\"size-full wp-image-2547 alignleft\" src=\"https:\/\/thiant.fr\/wordpress\/wp-content\/uploads\/2021\/03\/Logo-Prefet-Nord.png\" alt=\"\" width=\"134\" height=\"134\" \/><\/p><p>\u00a0<\/p><p><span style=\"color: #333333;\">Cabinet du Pr\u00e9fet <\/span><br \/><span style=\"color: #333333;\">Direction des s\u00e9curit\u00e9s <\/span><br \/><span style=\"color: #333333;\">Bureau de l&#8217;ordre public<\/span><\/p><p>\u00a0<\/p><p style=\"text-align: center;\"><span style=\"color: #333333;\"><strong>Arr\u00eat\u00e9 portant interdiction temporaire de porter de transport d&#8217;armes, toutes cat\u00e9gories confondues, de munitions et d&#8217;objets pouvant constituer une arme par destination sur le territoire du d\u00e9partement du Nord<\/strong><\/span><br \/><span style=\"color: #333333;\"><strong>du mercredi 5 juillet 2023 8h00 au samedi 15 juillet 8h00<\/strong> <\/span><\/p><p style=\"text-align: center;\"><span style=\"color: #333333;\">Le pr\u00e9fet de la r\u00e9gion Hauts-de-France <\/span><br \/><span style=\"color: #333333;\">pr\u00e9fet du Nord,<\/span><\/p><p><span style=\"color: #333333;\">Vu le code g\u00e9n\u00e9ral des collectivit\u00e9s territoriales, et notamment son article L 2215-1 ;<\/span><\/p><p><span style=\"color: #333333;\">Vu le code p\u00e9nal, notamment son article 132-75 ; <\/span><\/p><p><span style=\"color: #333333;\">Vu le code de la s\u00e9curit\u00e9 int\u00e9rieure et notamment son article L 213-3 ; <\/span><\/p><p><span style=\"color: #333333;\">Vu le d\u00e9cret n\u00b02004-374 du 29 avril 2004 relatif aux pouvoirs des pr\u00e9fets, \u00e0 l&#8217;organisation et \u00e0 l&#8217;action des services de l&#8217;\u00c9tat dans les r\u00e9gions et d\u00e9partements ; <\/span><\/p><p><span style=\"color: #333333;\">Vu le d\u00e9cret du 30 juin 2021 nommant Monsieur Georges-Fran\u00e7ois LECLERC, pr\u00e9fet de la r\u00e9gion Hauts-de-France, pr\u00e9fet de la zone de d\u00e9fense et de s\u00e9curit\u00e9 Nord, pr\u00e9fet du Nord ; <\/span><\/p><p><span style=\"color: #333333;\">Vu l&#8217;urgence ; <\/span><\/p><p><span style=\"color: #333333;\">Consid\u00e9rant que depuis la nuit du 27 juin 2023, des violences urbaines ont \u00e9clat\u00e9 dans plusieurs communes du d\u00e9partement <\/span><br \/><span style=\"color: #333333;\">Consid\u00e9rant que pour assurer la s\u00e9curit\u00e9 des personnes et des biens et pr\u00e9venir les graves troubles \u00e0 l&#8217;ordre public dans le cadre des op\u00e9rations de r\u00e9tablissement de l&#8217;ordre public, il y a lieu de r\u00e9glementer le port et le transport d&#8217;armes toutes cat\u00e9gories confondues, de munitions et d&#8217;objets pouvant constituer une arme par destination au sens de l&#8217;article 132-75 du code p\u00e9nal sur le territoire du d\u00e9partement du Nord ; <\/span><\/p><p><span style=\"color: #333333;\">Sur proposition du sous-pr\u00e9fet, directeur de cabinet, <\/span><\/p><p style=\"text-align: center;\"><strong><span style=\"color: #333333;\">ARRETE <\/span><\/strong><\/p><p><span style=\"text-decoration: underline;\"><span style=\"color: #333333; text-decoration: underline;\">Article 1 :<\/span><\/span><\/p><p><span style=\"color: #333333;\">Sauf pour les personnes habilit\u00e9es dans l&#8217;exercice de leur mission, le port, le transport d&#8217;armes, toutes cat\u00e9gories confondues, de munitions et d&#8217;objets pouvant constituer une arme au sens de l&#8217;article 132- 75 du code p\u00e9nal sont interdits du mercredi 5 juillet 2023 8h00 au samedi 15 juillet 2023 8h00. <\/span><\/p><p><span style=\"color: #333333;\"><span style=\"text-decoration: underline;\">Article 2 :<\/span> Les contraventions au pr\u00e9sent arr\u00eat\u00e9 seront poursuivies conform\u00e9ment aux lois et r\u00e8glements en vigueur. <\/span><\/p><p><span style=\"color: #333333;\"><span style=\"text-decoration: underline;\">Article 3 :<\/span> Le directeur de cabinet du pr\u00e9fet du Nord, les sous-pr\u00e9fets d&#8217;arrondissement, les maires des communes du d\u00e9partement, le directeur d\u00e9partemental de la s\u00e9curit\u00e9 publique et le commandant de groupement de gendarmerie du d\u00e9partement sont charg\u00e9s chacun en ce qui le concerne de l&#8217;ex\u00e9cution du pr\u00e9sent arr\u00eat\u00e9. <\/span><\/p><p><span style=\"text-decoration: underline;\"><span style=\"color: #333333; text-decoration: underline;\">Article 4 :<\/span><\/span><br \/><span style=\"color: #333333;\">Le pr\u00e9sent arr\u00eat\u00e9 sera publi\u00e9 au recueil des actes administratifs de la pr\u00e9fecture et transmis en vue d&#8217;affichage et de publicit\u00e9 \u00e0 l&#8217;ensemble des maires du d\u00e9partement.<\/span><\/p><p style=\"text-align: right;\"><span style=\"color: #333333;\">Lille, le 4 juillet 2023<\/span><br \/><span style=\"color: #333333;\">Georges-Fran\u00e7ois LECLERC<\/span><\/p><p><span style=\"color: #333333;\">Conform\u00e9ment \u00e0 l&#8217;article R.421-1 du code de justice administrative, dans un d\u00e9lai de deux mois, le pr\u00e9\u00adsent arr\u00eat\u00e9 peut faire l&#8217;objet d&#8217;un recours devant le tribunal administratif de Lille, pouvant \u00eatre saisi par l&#8217;application T\u00e9l\u00e9recours citoyens accessible via le site www.telerecours.fr <\/span><\/p><\/div>\n\t\t\t\t\t\t\t<\/div>\n\t\t<\/div>\n\t\t\t\t\t\t<\/div>\n\t\t\t\t<\/div>\n\t\t\t\t\t<\/div>\n\t\t<\/div>\n\t\t\t\t\t<\/div>\n\t\t<\/section>\n\t\t\t\t<\/div>\n\t\t","protected":false},"excerpt":{"rendered":"<p>Feux d&#8217;artifice Carburant Armes Feux d&#8217;artifice Cabinet du Pr\u00e9fet Direction des s\u00e9curit\u00e9s Bureau de l\u2019ordre public Arr\u00eat\u00e9 r\u00e9glementant l\u2019utilisation, la d\u00e9tention, la vente et l\u2019achat des artifices de divertissement sur la voie publique dans le d\u00e9partement du Nord Le pr\u00e9fet de la r\u00e9gion Hauts-de-France pr\u00e9fet du Nord, Vu la directive europ\u00e9enne n\u00b02013\/29\/UE du 12 juin [&hellip;]<\/p>\n","protected":false},"author":1,"featured_media":5699,"comment_status":"closed","ping_status":"closed","sticky":false,"template":"","format":"standard","meta":{"_crdt_document":"","ocean_post_layout":"","ocean_both_sidebars_style":"","ocean_both_sidebars_content_width":0,"ocean_both_sidebars_sidebars_width":0,"ocean_sidebar":"0","ocean_second_sidebar":"0","ocean_disable_margins":"enable","ocean_add_body_class":"","ocean_shortcode_before_top_bar":"","ocean_shortcode_after_top_bar":"","ocean_shortcode_before_header":"","ocean_shortcode_after_header":"","ocean_has_shortcode":"","ocean_shortcode_after_title":"","ocean_shortcode_before_footer_widgets":"","ocean_shortcode_after_footer_widgets":"","ocean_shortcode_before_footer_bottom":"","ocean_shortcode_after_footer_bottom":"","ocean_display_top_bar":"default","ocean_display_header":"default","ocean_header_style":"","ocean_center_header_left_menu":"0","ocean_custom_header_template":"0","ocean_custom_logo":0,"ocean_custom_retina_logo":0,"ocean_custom_logo_max_width":0,"ocean_custom_logo_tablet_max_width":0,"ocean_custom_logo_mobile_max_width":0,"ocean_custom_logo_max_height":0,"ocean_custom_logo_tablet_max_height":0,"ocean_custom_logo_mobile_max_height":0,"ocean_header_custom_menu":"0","ocean_menu_typo_font_family":"0","ocean_menu_typo_font_subset":"","ocean_menu_typo_font_size":0,"ocean_menu_typo_font_size_tablet":0,"ocean_menu_typo_font_size_mobile":0,"ocean_menu_typo_font_size_unit":"px","ocean_menu_typo_font_weight":"","ocean_menu_typo_font_weight_tablet":"","ocean_menu_typo_font_weight_mobile":"","ocean_menu_typo_transform":"","ocean_menu_typo_transform_tablet":"","ocean_menu_typo_transform_mobile":"","ocean_menu_typo_line_height":0,"ocean_menu_typo_line_height_tablet":0,"ocean_menu_typo_line_height_mobile":0,"ocean_menu_typo_line_height_unit":"","ocean_menu_typo_spacing":0,"ocean_menu_typo_spacing_tablet":0,"ocean_menu_typo_spacing_mobile":0,"ocean_menu_typo_spacing_unit":"","ocean_menu_link_color":"","ocean_menu_link_color_hover":"","ocean_menu_link_color_active":"","ocean_menu_link_background":"","ocean_menu_link_hover_background":"","ocean_menu_link_active_background":"","ocean_menu_social_links_bg":"","ocean_menu_social_hover_links_bg":"","ocean_menu_social_links_color":"","ocean_menu_social_hover_links_color":"","ocean_disable_title":"default","ocean_disable_heading":"default","ocean_post_title":"","ocean_post_subheading":"","ocean_post_title_style":"","ocean_post_title_background_color":"","ocean_post_title_background":0,"ocean_post_title_bg_image_position":"","ocean_post_title_bg_image_attachment":"","ocean_post_title_bg_image_repeat":"","ocean_post_title_bg_image_size":"","ocean_post_title_height":0,"ocean_post_title_bg_overlay":0.5,"ocean_post_title_bg_overlay_color":"","ocean_disable_breadcrumbs":"default","ocean_breadcrumbs_color":"","ocean_breadcrumbs_separator_color":"","ocean_breadcrumbs_links_color":"","ocean_breadcrumbs_links_hover_color":"","ocean_display_footer_widgets":"default","ocean_display_footer_bottom":"default","ocean_custom_footer_template":"0","ocean_post_oembed":"","ocean_post_self_hosted_media":"","ocean_post_video_embed":"","ocean_link_format":"","ocean_link_format_target":"self","ocean_quote_format":"","ocean_quote_format_link":"post","ocean_gallery_link_images":"off","ocean_gallery_id":[],"footnotes":""},"categories":[634],"tags":[903,901,904,635,902,246],"class_list":["post-5698","post","type-post","status-publish","format-standard","has-post-thumbnail","hentry","category-informations-institutionnelles","tag-armes","tag-arrete-prefectoral","tag-carburant","tag-departement","tag-feux-dartifice","tag-nord","entry","has-media"],"yoast_head":"<!-- This site is optimized with the Yoast SEO plugin v27.3 - https:\/\/yoast.com\/product\/yoast-seo-wordpress\/ -->\n<title>Arr\u00eat\u00e9s pr\u00e9fectoraux concernant les feux d&#039;artifice, les armes et le carburant - Ville de Thiant<\/title>\n<meta name=\"robots\" content=\"index, follow, max-snippet:-1, max-image-preview:large, max-video-preview:-1\" \/>\n<link rel=\"canonical\" href=\"https:\/\/thiant.fr\/wordpress\/arretes-prefectoraux-concernant-les-feux-dartifice-les-armes-et-le-carburant\/\" \/>\n<meta property=\"og:locale\" content=\"fr_FR\" \/>\n<meta property=\"og:type\" content=\"article\" \/>\n<meta property=\"og:title\" content=\"Arr\u00eat\u00e9s pr\u00e9fectoraux concernant les feux d&#039;artifice, les armes et le carburant - Ville de Thiant\" \/>\n<meta property=\"og:description\" content=\"Feux d&#8217;artifice Carburant Armes Feux d&#8217;artifice Cabinet du Pr\u00e9fet Direction des s\u00e9curit\u00e9s Bureau de l\u2019ordre public Arr\u00eat\u00e9 r\u00e9glementant l\u2019utilisation, la d\u00e9tention, la vente et l\u2019achat des artifices de divertissement sur la voie publique dans le d\u00e9partement du Nord Le pr\u00e9fet de la r\u00e9gion Hauts-de-France pr\u00e9fet du Nord, Vu la directive europ\u00e9enne n\u00b02013\/29\/UE du 12 juin [&hellip;]\" \/>\n<meta property=\"og:url\" content=\"https:\/\/thiant.fr\/wordpress\/arretes-prefectoraux-concernant-les-feux-dartifice-les-armes-et-le-carburant\/\" \/>\n<meta property=\"og:site_name\" content=\"Ville de Thiant\" \/>\n<meta property=\"article:published_time\" content=\"2023-07-06T12:58:02+00:00\" \/>\n<meta property=\"article:modified_time\" content=\"2023-07-17T09:24:56+00:00\" \/>\n<meta property=\"og:image\" content=\"https:\/\/thiant.fr\/wordpress\/wp-content\/uploads\/2023\/07\/artifice-armes-jerricans.png\" \/>\n\t<meta property=\"og:image:width\" content=\"730\" \/>\n\t<meta property=\"og:image:height\" content=\"487\" \/>\n\t<meta property=\"og:image:type\" content=\"image\/png\" \/>\n<meta name=\"author\" content=\"Service communication\" \/>\n<meta name=\"twitter:card\" content=\"summary_large_image\" \/>\n<meta name=\"twitter:label1\" content=\"\u00c9crit par\" \/>\n\t<meta name=\"twitter:data1\" content=\"Service communication\" \/>\n\t<meta name=\"twitter:label2\" content=\"Dur\u00e9e de lecture estim\u00e9e\" \/>\n\t<meta name=\"twitter:data2\" content=\"8 minutes\" \/>\n<script type=\"application\/ld+json\" class=\"yoast-schema-graph\">{\"@context\":\"https:\\\/\\\/schema.org\",\"@graph\":[{\"@type\":\"Article\",\"@id\":\"https:\\\/\\\/thiant.fr\\\/wordpress\\\/arretes-prefectoraux-concernant-les-feux-dartifice-les-armes-et-le-carburant\\\/#article\",\"isPartOf\":{\"@id\":\"https:\\\/\\\/thiant.fr\\\/wordpress\\\/arretes-prefectoraux-concernant-les-feux-dartifice-les-armes-et-le-carburant\\\/\"},\"author\":{\"name\":\"Service communication\",\"@id\":\"https:\\\/\\\/thiant.fr\\\/wordpress\\\/#\\\/schema\\\/person\\\/f41122130d18c0720657431d990451c6\"},\"headline\":\"Arr\u00eat\u00e9s pr\u00e9fectoraux concernant les feux d&#8217;artifice, les armes et le carburant\",\"datePublished\":\"2023-07-06T12:58:02+00:00\",\"dateModified\":\"2023-07-17T09:24:56+00:00\",\"mainEntityOfPage\":{\"@id\":\"https:\\\/\\\/thiant.fr\\\/wordpress\\\/arretes-prefectoraux-concernant-les-feux-dartifice-les-armes-et-le-carburant\\\/\"},\"wordCount\":1671,\"publisher\":{\"@id\":\"https:\\\/\\\/thiant.fr\\\/wordpress\\\/#organization\"},\"image\":{\"@id\":\"https:\\\/\\\/thiant.fr\\\/wordpress\\\/arretes-prefectoraux-concernant-les-feux-dartifice-les-armes-et-le-carburant\\\/#primaryimage\"},\"thumbnailUrl\":\"https:\\\/\\\/thiant.fr\\\/wordpress\\\/wp-content\\\/uploads\\\/2023\\\/07\\\/artifice-armes-jerricans.png\",\"keywords\":[\"armes\",\"arr\u00eat\u00e9 pr\u00e9fectoral\",\"carburant\",\"d\u00e9partement\",\"feux d'artifice\",\"Nord\"],\"articleSection\":[\"Informations institutionnelles\"],\"inLanguage\":\"fr-FR\"},{\"@type\":\"WebPage\",\"@id\":\"https:\\\/\\\/thiant.fr\\\/wordpress\\\/arretes-prefectoraux-concernant-les-feux-dartifice-les-armes-et-le-carburant\\\/\",\"url\":\"https:\\\/\\\/thiant.fr\\\/wordpress\\\/arretes-prefectoraux-concernant-les-feux-dartifice-les-armes-et-le-carburant\\\/\",\"name\":\"Arr\u00eat\u00e9s pr\u00e9fectoraux concernant les feux d'artifice, les armes et le carburant - Ville de Thiant\",\"isPartOf\":{\"@id\":\"https:\\\/\\\/thiant.fr\\\/wordpress\\\/#website\"},\"primaryImageOfPage\":{\"@id\":\"https:\\\/\\\/thiant.fr\\\/wordpress\\\/arretes-prefectoraux-concernant-les-feux-dartifice-les-armes-et-le-carburant\\\/#primaryimage\"},\"image\":{\"@id\":\"https:\\\/\\\/thiant.fr\\\/wordpress\\\/arretes-prefectoraux-concernant-les-feux-dartifice-les-armes-et-le-carburant\\\/#primaryimage\"},\"thumbnailUrl\":\"https:\\\/\\\/thiant.fr\\\/wordpress\\\/wp-content\\\/uploads\\\/2023\\\/07\\\/artifice-armes-jerricans.png\",\"datePublished\":\"2023-07-06T12:58:02+00:00\",\"dateModified\":\"2023-07-17T09:24:56+00:00\",\"breadcrumb\":{\"@id\":\"https:\\\/\\\/thiant.fr\\\/wordpress\\\/arretes-prefectoraux-concernant-les-feux-dartifice-les-armes-et-le-carburant\\\/#breadcrumb\"},\"inLanguage\":\"fr-FR\",\"potentialAction\":[{\"@type\":\"ReadAction\",\"target\":[\"https:\\\/\\\/thiant.fr\\\/wordpress\\\/arretes-prefectoraux-concernant-les-feux-dartifice-les-armes-et-le-carburant\\\/\"]}]},{\"@type\":\"ImageObject\",\"inLanguage\":\"fr-FR\",\"@id\":\"https:\\\/\\\/thiant.fr\\\/wordpress\\\/arretes-prefectoraux-concernant-les-feux-dartifice-les-armes-et-le-carburant\\\/#primaryimage\",\"url\":\"https:\\\/\\\/thiant.fr\\\/wordpress\\\/wp-content\\\/uploads\\\/2023\\\/07\\\/artifice-armes-jerricans.png\",\"contentUrl\":\"https:\\\/\\\/thiant.fr\\\/wordpress\\\/wp-content\\\/uploads\\\/2023\\\/07\\\/artifice-armes-jerricans.png\",\"width\":730,\"height\":487},{\"@type\":\"BreadcrumbList\",\"@id\":\"https:\\\/\\\/thiant.fr\\\/wordpress\\\/arretes-prefectoraux-concernant-les-feux-dartifice-les-armes-et-le-carburant\\\/#breadcrumb\",\"itemListElement\":[{\"@type\":\"ListItem\",\"position\":1,\"name\":\"Accueil\",\"item\":\"https:\\\/\\\/thiant.fr\\\/wordpress\\\/\"},{\"@type\":\"ListItem\",\"position\":2,\"name\":\"Arr\u00eat\u00e9s pr\u00e9fectoraux concernant les feux d&#8217;artifice, les armes et le carburant\"}]},{\"@type\":\"WebSite\",\"@id\":\"https:\\\/\\\/thiant.fr\\\/wordpress\\\/#website\",\"url\":\"https:\\\/\\\/thiant.fr\\\/wordpress\\\/\",\"name\":\"Ville de Thiant\",\"description\":\"Site officiel de la ville de Thiant\",\"publisher\":{\"@id\":\"https:\\\/\\\/thiant.fr\\\/wordpress\\\/#organization\"},\"potentialAction\":[{\"@type\":\"SearchAction\",\"target\":{\"@type\":\"EntryPoint\",\"urlTemplate\":\"https:\\\/\\\/thiant.fr\\\/wordpress\\\/?s={search_term_string}\"},\"query-input\":{\"@type\":\"PropertyValueSpecification\",\"valueRequired\":true,\"valueName\":\"search_term_string\"}}],\"inLanguage\":\"fr-FR\"},{\"@type\":\"Organization\",\"@id\":\"https:\\\/\\\/thiant.fr\\\/wordpress\\\/#organization\",\"name\":\"Ville de Thiant\",\"url\":\"https:\\\/\\\/thiant.fr\\\/wordpress\\\/\",\"logo\":{\"@type\":\"ImageObject\",\"inLanguage\":\"fr-FR\",\"@id\":\"https:\\\/\\\/thiant.fr\\\/wordpress\\\/#\\\/schema\\\/logo\\\/image\\\/\",\"url\":\"https:\\\/\\\/thiant.fr\\\/wordpress\\\/wp-content\\\/uploads\\\/2019\\\/08\\\/Thiant_Illdy_4.png\",\"contentUrl\":\"https:\\\/\\\/thiant.fr\\\/wordpress\\\/wp-content\\\/uploads\\\/2019\\\/08\\\/Thiant_Illdy_4.png\",\"width\":105,\"height\":75,\"caption\":\"Ville de Thiant\"},\"image\":{\"@id\":\"https:\\\/\\\/thiant.fr\\\/wordpress\\\/#\\\/schema\\\/logo\\\/image\\\/\"}},{\"@type\":\"Person\",\"@id\":\"https:\\\/\\\/thiant.fr\\\/wordpress\\\/#\\\/schema\\\/person\\\/f41122130d18c0720657431d990451c6\",\"name\":\"Service communication\",\"image\":{\"@type\":\"ImageObject\",\"inLanguage\":\"fr-FR\",\"@id\":\"https:\\\/\\\/secure.gravatar.com\\\/avatar\\\/527d4f1f1330a82db5a7ea7738ddeb994fd26c4537512a833d99b387808ee250?s=96&r=g\",\"url\":\"https:\\\/\\\/secure.gravatar.com\\\/avatar\\\/527d4f1f1330a82db5a7ea7738ddeb994fd26c4537512a833d99b387808ee250?s=96&r=g\",\"contentUrl\":\"https:\\\/\\\/secure.gravatar.com\\\/avatar\\\/527d4f1f1330a82db5a7ea7738ddeb994fd26c4537512a833d99b387808ee250?s=96&r=g\",\"caption\":\"Service communication\"},\"url\":\"https:\\\/\\\/thiant.fr\\\/wordpress\\\/author\\\/adminwpress\\\/\"}]}<\/script>\n<!-- \/ Yoast SEO plugin. -->","yoast_head_json":{"title":"Arr\u00eat\u00e9s pr\u00e9fectoraux concernant les feux d'artifice, les armes et le carburant - Ville de Thiant","robots":{"index":"index","follow":"follow","max-snippet":"max-snippet:-1","max-image-preview":"max-image-preview:large","max-video-preview":"max-video-preview:-1"},"canonical":"https:\/\/thiant.fr\/wordpress\/arretes-prefectoraux-concernant-les-feux-dartifice-les-armes-et-le-carburant\/","og_locale":"fr_FR","og_type":"article","og_title":"Arr\u00eat\u00e9s pr\u00e9fectoraux concernant les feux d'artifice, les armes et le carburant - Ville de Thiant","og_description":"Feux d&#8217;artifice Carburant Armes Feux d&#8217;artifice Cabinet du Pr\u00e9fet Direction des s\u00e9curit\u00e9s Bureau de l\u2019ordre public Arr\u00eat\u00e9 r\u00e9glementant l\u2019utilisation, la d\u00e9tention, la vente et l\u2019achat des artifices de divertissement sur la voie publique dans le d\u00e9partement du Nord Le pr\u00e9fet de la r\u00e9gion Hauts-de-France pr\u00e9fet du Nord, Vu la directive europ\u00e9enne n\u00b02013\/29\/UE du 12 juin [&hellip;]","og_url":"https:\/\/thiant.fr\/wordpress\/arretes-prefectoraux-concernant-les-feux-dartifice-les-armes-et-le-carburant\/","og_site_name":"Ville de Thiant","article_published_time":"2023-07-06T12:58:02+00:00","article_modified_time":"2023-07-17T09:24:56+00:00","og_image":[{"width":730,"height":487,"url":"https:\/\/thiant.fr\/wordpress\/wp-content\/uploads\/2023\/07\/artifice-armes-jerricans.png","type":"image\/png"}],"author":"Service communication","twitter_card":"summary_large_image","twitter_misc":{"\u00c9crit par":"Service communication","Dur\u00e9e de lecture estim\u00e9e":"8 minutes"},"schema":{"@context":"https:\/\/schema.org","@graph":[{"@type":"Article","@id":"https:\/\/thiant.fr\/wordpress\/arretes-prefectoraux-concernant-les-feux-dartifice-les-armes-et-le-carburant\/#article","isPartOf":{"@id":"https:\/\/thiant.fr\/wordpress\/arretes-prefectoraux-concernant-les-feux-dartifice-les-armes-et-le-carburant\/"},"author":{"name":"Service communication","@id":"https:\/\/thiant.fr\/wordpress\/#\/schema\/person\/f41122130d18c0720657431d990451c6"},"headline":"Arr\u00eat\u00e9s pr\u00e9fectoraux concernant les feux d&#8217;artifice, les armes et le carburant","datePublished":"2023-07-06T12:58:02+00:00","dateModified":"2023-07-17T09:24:56+00:00","mainEntityOfPage":{"@id":"https:\/\/thiant.fr\/wordpress\/arretes-prefectoraux-concernant-les-feux-dartifice-les-armes-et-le-carburant\/"},"wordCount":1671,"publisher":{"@id":"https:\/\/thiant.fr\/wordpress\/#organization"},"image":{"@id":"https:\/\/thiant.fr\/wordpress\/arretes-prefectoraux-concernant-les-feux-dartifice-les-armes-et-le-carburant\/#primaryimage"},"thumbnailUrl":"https:\/\/thiant.fr\/wordpress\/wp-content\/uploads\/2023\/07\/artifice-armes-jerricans.png","keywords":["armes","arr\u00eat\u00e9 pr\u00e9fectoral","carburant","d\u00e9partement","feux d'artifice","Nord"],"articleSection":["Informations institutionnelles"],"inLanguage":"fr-FR"},{"@type":"WebPage","@id":"https:\/\/thiant.fr\/wordpress\/arretes-prefectoraux-concernant-les-feux-dartifice-les-armes-et-le-carburant\/","url":"https:\/\/thiant.fr\/wordpress\/arretes-prefectoraux-concernant-les-feux-dartifice-les-armes-et-le-carburant\/","name":"Arr\u00eat\u00e9s pr\u00e9fectoraux concernant les feux d'artifice, les armes et le carburant - Ville de Thiant","isPartOf":{"@id":"https:\/\/thiant.fr\/wordpress\/#website"},"primaryImageOfPage":{"@id":"https:\/\/thiant.fr\/wordpress\/arretes-prefectoraux-concernant-les-feux-dartifice-les-armes-et-le-carburant\/#primaryimage"},"image":{"@id":"https:\/\/thiant.fr\/wordpress\/arretes-prefectoraux-concernant-les-feux-dartifice-les-armes-et-le-carburant\/#primaryimage"},"thumbnailUrl":"https:\/\/thiant.fr\/wordpress\/wp-content\/uploads\/2023\/07\/artifice-armes-jerricans.png","datePublished":"2023-07-06T12:58:02+00:00","dateModified":"2023-07-17T09:24:56+00:00","breadcrumb":{"@id":"https:\/\/thiant.fr\/wordpress\/arretes-prefectoraux-concernant-les-feux-dartifice-les-armes-et-le-carburant\/#breadcrumb"},"inLanguage":"fr-FR","potentialAction":[{"@type":"ReadAction","target":["https:\/\/thiant.fr\/wordpress\/arretes-prefectoraux-concernant-les-feux-dartifice-les-armes-et-le-carburant\/"]}]},{"@type":"ImageObject","inLanguage":"fr-FR","@id":"https:\/\/thiant.fr\/wordpress\/arretes-prefectoraux-concernant-les-feux-dartifice-les-armes-et-le-carburant\/#primaryimage","url":"https:\/\/thiant.fr\/wordpress\/wp-content\/uploads\/2023\/07\/artifice-armes-jerricans.png","contentUrl":"https:\/\/thiant.fr\/wordpress\/wp-content\/uploads\/2023\/07\/artifice-armes-jerricans.png","width":730,"height":487},{"@type":"BreadcrumbList","@id":"https:\/\/thiant.fr\/wordpress\/arretes-prefectoraux-concernant-les-feux-dartifice-les-armes-et-le-carburant\/#breadcrumb","itemListElement":[{"@type":"ListItem","position":1,"name":"Accueil","item":"https:\/\/thiant.fr\/wordpress\/"},{"@type":"ListItem","position":2,"name":"Arr\u00eat\u00e9s pr\u00e9fectoraux concernant les feux d&#8217;artifice, les armes et le carburant"}]},{"@type":"WebSite","@id":"https:\/\/thiant.fr\/wordpress\/#website","url":"https:\/\/thiant.fr\/wordpress\/","name":"Ville de Thiant","description":"Site officiel de la ville de Thiant","publisher":{"@id":"https:\/\/thiant.fr\/wordpress\/#organization"},"potentialAction":[{"@type":"SearchAction","target":{"@type":"EntryPoint","urlTemplate":"https:\/\/thiant.fr\/wordpress\/?s={search_term_string}"},"query-input":{"@type":"PropertyValueSpecification","valueRequired":true,"valueName":"search_term_string"}}],"inLanguage":"fr-FR"},{"@type":"Organization","@id":"https:\/\/thiant.fr\/wordpress\/#organization","name":"Ville de Thiant","url":"https:\/\/thiant.fr\/wordpress\/","logo":{"@type":"ImageObject","inLanguage":"fr-FR","@id":"https:\/\/thiant.fr\/wordpress\/#\/schema\/logo\/image\/","url":"https:\/\/thiant.fr\/wordpress\/wp-content\/uploads\/2019\/08\/Thiant_Illdy_4.png","contentUrl":"https:\/\/thiant.fr\/wordpress\/wp-content\/uploads\/2019\/08\/Thiant_Illdy_4.png","width":105,"height":75,"caption":"Ville de Thiant"},"image":{"@id":"https:\/\/thiant.fr\/wordpress\/#\/schema\/logo\/image\/"}},{"@type":"Person","@id":"https:\/\/thiant.fr\/wordpress\/#\/schema\/person\/f41122130d18c0720657431d990451c6","name":"Service communication","image":{"@type":"ImageObject","inLanguage":"fr-FR","@id":"https:\/\/secure.gravatar.com\/avatar\/527d4f1f1330a82db5a7ea7738ddeb994fd26c4537512a833d99b387808ee250?s=96&r=g","url":"https:\/\/secure.gravatar.com\/avatar\/527d4f1f1330a82db5a7ea7738ddeb994fd26c4537512a833d99b387808ee250?s=96&r=g","contentUrl":"https:\/\/secure.gravatar.com\/avatar\/527d4f1f1330a82db5a7ea7738ddeb994fd26c4537512a833d99b387808ee250?s=96&r=g","caption":"Service communication"},"url":"https:\/\/thiant.fr\/wordpress\/author\/adminwpress\/"}]}},"_links":{"self":[{"href":"https:\/\/thiant.fr\/wordpress\/wp-json\/wp\/v2\/posts\/5698","targetHints":{"allow":["GET"]}}],"collection":[{"href":"https:\/\/thiant.fr\/wordpress\/wp-json\/wp\/v2\/posts"}],"about":[{"href":"https:\/\/thiant.fr\/wordpress\/wp-json\/wp\/v2\/types\/post"}],"author":[{"embeddable":true,"href":"https:\/\/thiant.fr\/wordpress\/wp-json\/wp\/v2\/users\/1"}],"replies":[{"embeddable":true,"href":"https:\/\/thiant.fr\/wordpress\/wp-json\/wp\/v2\/comments?post=5698"}],"version-history":[{"count":14,"href":"https:\/\/thiant.fr\/wordpress\/wp-json\/wp\/v2\/posts\/5698\/revisions"}],"predecessor-version":[{"id":5747,"href":"https:\/\/thiant.fr\/wordpress\/wp-json\/wp\/v2\/posts\/5698\/revisions\/5747"}],"wp:featuredmedia":[{"embeddable":true,"href":"https:\/\/thiant.fr\/wordpress\/wp-json\/wp\/v2\/media\/5699"}],"wp:attachment":[{"href":"https:\/\/thiant.fr\/wordpress\/wp-json\/wp\/v2\/media?parent=5698"}],"wp:term":[{"taxonomy":"category","embeddable":true,"href":"https:\/\/thiant.fr\/wordpress\/wp-json\/wp\/v2\/categories?post=5698"},{"taxonomy":"post_tag","embeddable":true,"href":"https:\/\/thiant.fr\/wordpress\/wp-json\/wp\/v2\/tags?post=5698"}],"curies":[{"name":"wp","href":"https:\/\/api.w.org\/{rel}","templated":true}]}}