{"id":6306,"date":"2024-09-16T16:24:17","date_gmt":"2024-09-16T14:24:17","guid":{"rendered":"https:\/\/thiant.fr\/wordpress\/?p=6306"},"modified":"2024-09-16T16:28:36","modified_gmt":"2024-09-16T14:28:36","slug":"enquete-publique-portant-sur-le-plan-de-protection-de-latmosphere","status":"publish","type":"post","link":"https:\/\/thiant.fr\/wordpress\/enquete-publique-portant-sur-le-plan-de-protection-de-latmosphere\/","title":{"rendered":"Enqu\u00eate publique portant sur le plan de protection de l\u2019atmosph\u00e8re"},"content":{"rendered":"\t\t<div data-elementor-type=\"wp-post\" data-elementor-id=\"6306\" class=\"elementor elementor-6306\">\n\t\t\t\t<div class=\"elementor-element elementor-element-58e927f e-flex e-con-boxed e-con e-parent\" data-id=\"58e927f\" data-element_type=\"container\" data-e-type=\"container\">\n\t\t\t\t\t<div class=\"e-con-inner\">\n\t\t<div class=\"elementor-element elementor-element-302f787 e-con-full e-flex e-con e-child\" data-id=\"302f787\" data-element_type=\"container\" data-e-type=\"container\">\n\t\t\t\t<div class=\"elementor-element elementor-element-5d8bc7d elementor-widget elementor-widget-image\" data-id=\"5d8bc7d\" data-element_type=\"widget\" data-e-type=\"widget\" data-widget_type=\"image.default\">\n\t\t\t\t<div class=\"elementor-widget-container\">\n\t\t\t\t\t\t\t\t\t\t\t\t\t\t\t\t<a href=\"http:\/\/www.hauts-de-france.developpement-durable.gouv.fr\/\" target=\"_blank\">\n\t\t\t\t\t\t\t<img decoding=\"async\" width=\"171\" height=\"220\" src=\"https:\/\/thiant.fr\/wordpress\/wp-content\/uploads\/2024\/09\/logo_etat_hauts-de-france.webp\" class=\"attachment-full size-full wp-image-6316\" alt=\"\" \/>\t\t\t\t\t\t\t\t<\/a>\n\t\t\t\t\t\t\t\t\t\t\t\t\t\t\t<\/div>\n\t\t\t\t<\/div>\n\t\t\t\t<div class=\"elementor-element elementor-element-87daa4b elementor-widget elementor-widget-text-editor\" data-id=\"87daa4b\" data-element_type=\"widget\" data-e-type=\"widget\" data-widget_type=\"text-editor.default\">\n\t\t\t\t<div class=\"elementor-widget-container\">\n\t\t\t\t\t\t\t\t\t<p class=\"heading base-heading\"><span style=\"color: #333333;\"><strong>DREAL Hauts-de-France<\/strong><\/span><\/p><div class=\"text base-text\"><p><span style=\"color: #333333;\">44, rue de Tournai<br \/>59800 Lille &#8211; FRANCE<\/span><\/p><p><span style=\"color: #333333;\">T\u00e9l : <a href=\"tel:+33320134848\">(+33) 03 20 13 48 48<\/a><\/span><\/p><p><span style=\"color: #333333;\">Site :<\/span>\u00a0<a href=\"http:\/\/www.hauts-de-france.developpement-durable.gouv.fr\/\">www.hauts-de-france.developpement-durable.gouv.fr<\/a><\/p><\/div>\t\t\t\t\t\t\t\t<\/div>\n\t\t\t\t<\/div>\n\t\t\t\t<\/div>\n\t\t<div class=\"elementor-element elementor-element-4e029c4 e-con-full e-flex e-con e-child\" data-id=\"4e029c4\" data-element_type=\"container\" data-e-type=\"container\">\n\t\t\t\t<div class=\"elementor-element elementor-element-73d7ec3 elementor-widget elementor-widget-text-editor\" data-id=\"73d7ec3\" data-element_type=\"widget\" data-e-type=\"widget\" data-widget_type=\"text-editor.default\">\n\t\t\t\t<div class=\"elementor-widget-container\">\n\t\t\t\t\t\t\t\t\t<div id=\"colonne_centrale\" class=\"col-article fr-col-md-7\"><div class=\"noisette noisette_conteneur contenu-article contenu_article\"><div class=\"noisette noisette_article-chapo_texte\"><div class=\"ajaxbloc bind-ajaxReload\" data-ajax-env=\"sljbtp3m4ir\/Lq3wvlz0MNtcum5Lcjc2U\/NX+vU5aonoAZ4f5SxP8eaZiBzbhvr1XLy2Pxumz9mDEwE6mQwMfjr+J3BQjIgWGvcE8Y5piW8B3LyQdOFrZZiJ4lAzj1eb\/Pzn+MSy0ZAN197Zgo1G8\/pAlzT1bQHqGsbdUgDQ6PGtvuCA\/6QuquVwulFLNay7uIIHVzYHXzGgSV48Sixal109kbn8giPiQ6NyCXZpuXo1L9Gly+mYOerwIxPL8WuGXrnOYu8P6\/9fPdtwmXqOj\/Rhcbk8fxfzp2pPQtkQN4S7BWmABJio24dBDNWAhUOXjIRsEXPKZxCG2RO+5CnKoVN9AwkmKR7ex6w6iRyr5JZ1TvMs22v8SpY3QDHBqP\/70CaDUrKdLHv7VVwKqgExX7lgheat+ga7\/m6jQDgm8db746369Sg4A8955Sn3Ut+pT1NeXdeDfghZfBprLDmjWQh3cYM56BoiiA01E6+ifGyOEogdO9UsltFH477TJ7u3MmixLDksQ6rNNsxUJ8UtSHuYnhRRAbS6+0cY\" data-origin=\".\/?Enquete-publique-relative-au-plan-de-protection-de-l-atmosphere-des-agglomerations-de-Lille-et-du-bassin-minier\"><div class=\"crayon article-texte-26695 texte surlignable\"><h3 id=\"Contexte\" class=\"spip\"><span style=\"color: #333333;\">Contexte<\/span><\/h3><p><span style=\"color: #333333;\">Le plan de protection de l\u2019atmosph\u00e8re (PPA) est un plan d\u2019action port\u00e9 par l\u2019Etat, \u00e9labor\u00e9 en concertation avec de nombreux acteurs locaux, visant globalement la r\u00e9duction des \u00e9missions de polluants dans l\u2019air et l\u2019am\u00e9lioration de la qualit\u00e9 de l\u2019air.<\/span><\/p><p><span style=\"color: #333333;\">Suite \u00e0 l\u2019\u00e9valuation du PPA interd\u00e9partemental du Nord et du Pas-de-Calais, approuv\u00e9 en 2014, les pr\u00e9fets du Nord et du Pas-de-Calais ont souhait\u00e9 engager la r\u00e9vision du plan afin de poursuivre l\u2019action collective en faveur de l\u2019am\u00e9lioration de la qualit\u00e9 de l\u2019air.<\/span><\/p><p><span style=\"color: #333333;\">S\u2019\u00e9tendant sur un territoire resserr\u00e9 de 436 communes, le PPA des agglom\u00e9rations de Lille et du bassin minier comprend 16 actions \u00e9labor\u00e9es en concertation avec les acteurs locaux (services de l\u2019\u00c9tat, collectivit\u00e9s, acteurs \u00e9conomiques et associatifs) et couvrant les diff\u00e9rents secteurs d\u2019activit\u00e9.<\/span><\/p><h3 id=\"Enquete-publique\" class=\"spip\"><span style=\"color: #333333;\">Enqu\u00eate publique<\/span><\/h3><p><span style=\"color: #333333;\">Le projet de PPA des agglom\u00e9rations de Lille et du bassin minier fait l\u2019objet d\u2019une enqu\u00eate publique du lundi 16 septembre 2024 \u00e0 9h au vendredi 18 octobre 2024 \u00e0 17h inclus.<\/span><br class=\"autobr\" \/><span style=\"color: #333333;\">Cette enqu\u00eate publique permet aux citoyens de prendre connaissance du projet de plan dans son ensemble et de donner leur avis.<\/span><\/p><p><span style=\"color: #333333;\">Le si\u00e8ge de l\u2019enqu\u00eate est fix\u00e9 \u00e0 la pr\u00e9fecture du Nord \u2013 12 rue Jean sans Peur, 59000 Lille. Un poste informatique y est mis \u00e0 la disposition du public, sur rendez-vous, pour consulter le dossier d\u2019enqu\u00eate.<\/span><\/p><h3 id=\"Pour-consulter-le-dossier-d-enquete\" class=\"spip\"><span style=\"color: #333333;\">Pour consulter le dossier d\u2019enqu\u00eate<\/span><\/h3><p><span style=\"color: #333333;\">Le dossier est disponible en version num\u00e9rique sur le site internet d\u00e9di\u00e9 \u00e0 l\u2019enqu\u00eate publique\u00a0:\u00a0<\/span><\/p><p><a class=\"spip_url spip_out auto\" title=\"https:\/\/participation.proxiterritoires.fr\/plan-protection-atmosphere-lille-et-bassin-minier (nouvelle fenetre)\" href=\"https:\/\/participation.proxiterritoires.fr\/plan-protection-atmosphere-lille-et-bassin-minier\" target=\"_blank\" rel=\"noopener noreferrer nofollow external\">https:\/\/participation.proxiterritoires.fr\/plan-protection-atmosphere-lille-et-bassin-minier<\/a><\/p><p><span style=\"color: #333333;\">Il est consultable sur support papier dans les pr\u00e9fectures et mairies suivantes, aux jours et horaires d\u2019accueil du public en vigueur \u00e0 la date de l\u2019enqu\u00eate\u00a0:<\/span><\/p><table style=\"background-color: #cccccc;\"><thead><tr class=\"row_first\"><th id=\"idf790_c0\"><span style=\"color: #333333;\">Pr\u00e9fecture du Nord (si\u00e8ge de l\u2019enqu\u00eate)<\/span><br class=\"manualbr\" \/><span style=\"color: #333333;\">12 rue Jean-sans-Peur<\/span><br class=\"manualbr\" \/><span style=\"color: #333333;\">59000 Lille<\/span><\/th><th id=\"idf790_c1\"><span style=\"color: #333333;\">Pr\u00e9fecture du Pas-de-Calais<\/span><br class=\"manualbr\" \/><span style=\"color: #333333;\">rue Ferdinand Buisson<\/span><br class=\"manualbr\" \/><span style=\"color: #333333;\">62000 Arras<\/span><\/th><\/tr><\/thead><tbody><tr class=\"row_odd odd\"><td headers=\"idf790_c0\"><span style=\"color: #333333;\">Mairie de B\u00e9thune<\/span><br class=\"autobr\" \/><span style=\"color: #333333;\">6 place du 4-Septembre<\/span><br class=\"autobr\" \/><span style=\"color: #333333;\">62400 B\u00e9thune<\/span><\/td><td headers=\"idf790_c1\"><span style=\"color: #333333;\">Mairie de Douai<\/span><br class=\"autobr\" \/><span style=\"color: #333333;\">83 rue de la Mairie<\/span><br class=\"autobr\" \/><span style=\"color: #333333;\">59500 Douai<\/span><\/td><\/tr><tr class=\"row_even even\"><td headers=\"idf790_c0\"><span style=\"color: #333333;\">Mairie de Lens<\/span><br class=\"autobr\" \/><span style=\"color: #333333;\">17 bis place Jean Jaur\u00e8s<\/span><br class=\"autobr\" \/><span style=\"color: #333333;\">62300 Lens<\/span><\/td><td headers=\"idf790_c1\"><span style=\"color: #333333;\">Mairie de Lille<\/span><br class=\"autobr\" \/><span style=\"color: #333333;\">Place Augustin Laurent<\/span><br class=\"autobr\" \/><span style=\"color: #333333;\">59000 Lille<\/span><\/td><\/tr><tr class=\"row_odd odd\"><td headers=\"idf790_c0\"><span style=\"color: #333333;\">Mairie de Merville<\/span><br class=\"autobr\" \/><span style=\"color: #333333;\">57 place de la Lib\u00e9ration<\/span><br class=\"autobr\" \/><span style=\"color: #333333;\">59660 Merville<\/span><\/td><td headers=\"idf790_c1\"><span style=\"color: #333333;\">Mairie d\u2019Orchies<\/span><br class=\"autobr\" \/><span style=\"color: #333333;\">Place du G\u00e9n\u00e9ral de Gaulle<\/span><br class=\"autobr\" \/><span style=\"color: #333333;\">59310 Orchies<\/span><\/td><\/tr><tr class=\"row_even even\"><td headers=\"idf790_c0\"><span style=\"color: #333333;\">Mairie de Valenciennes<\/span><br class=\"autobr\" \/><span style=\"color: #333333;\">Place d\u2019Armes<\/span><br class=\"autobr\" \/><span style=\"color: #333333;\">59300 Valenciennes<\/span><\/td><td headers=\"idf790_c1\">\u00a0<\/td><\/tr><\/tbody><\/table><h3 id=\"Pour-faire-part-de-vos-observations\" class=\"spip\"><span style=\"color: #333333;\">Pour faire part de vos observations<\/span><\/h3><div class=\"cibloc cibloc_defaut\"><p><span style=\"color: #333333;\">Pendant toute la dur\u00e9e de l\u2019enqu\u00eate, le public peut formuler ses observations et propositions\u00a0:<\/span><br class=\"autobr\" \/><span style=\"color: #333333;\">\u2022 sur les registres d\u2019enqu\u00eate ouverts \u00e0 cet effet dans les 2 pr\u00e9fectures et les 7 mairies pr\u00e9cit\u00e9es,<\/span><br class=\"autobr\" \/><span style=\"color: #333333;\">\u2022 par courrier postal adress\u00e9 au pr\u00e9sident de la commission d\u2019enqu\u00eate, \u00e0 l\u2019adresse suivante\u00a0: Pr\u00e9fecture du Nord \u2013 Bureau des proc\u00e9dures environnementales \u2013 12 rue Jean sans Peur \u2013 CS 20003 \u2013 59039 LILLE Cedex\u00a0;<\/span><br class=\"autobr\" \/><span style=\"color: #333333;\">\u2022 sur le registre d\u00e9mat\u00e9rialis\u00e9 accessible \u00e0 cette adresse\u00a0:\u00a0<a title=\"https:\/\/participation.proxiterritoires.fr\/plan-protection-atmosphere-lille-et-bassin-minier (nouvelle fenetre)\" href=\"https:\/\/participation.proxiterritoires.fr\/plan-protection-atmosphere-lille-et-bassin-minier\" target=\"_blank\" rel=\"noopener noreferrer nofollow external\">https:\/\/participation.proxiterritoires.fr\/plan-protection-atmosphere-lille-et-bassin-minier<\/a><\/span><br class=\"autobr\" \/><span style=\"color: #333333;\">\u2022 par courriel \u00e0 l\u2019adresse suivante\u00a0: plan-protection-atmosphere-lille-et-bassin-minier@mail.proxiterritoires.fr<\/span><\/p><p><span style=\"color: #333333;\">La commission d\u2019enqu\u00eate, repr\u00e9sent\u00e9e par un ou plusieurs de ses membres, se tiendra \u00e0 la disposition du public pour recevoir ses observations sur le projet de plan lors de permanences dans les 7 mairies pr\u00e9cit\u00e9es.<\/span><\/p><p><span style=\"color: #333333;\">Pour plus de d\u00e9tails, consultez l\u2019arr\u00eat\u00e9 d\u2019ouverture d\u2019enqu\u00eate publique et l\u2019avis d\u2019enqu\u00eate ci-dessous :<\/span><\/p><\/div><\/div><\/div><\/div><ul><li><a href=\"https:\/\/thiant.fr\/wordpress\/documents_ext\/2024_PPA_Avis-enquete.pdf\" target=\"_blank\" rel=\"noopener\">AVIS D\u2019ENQU\u00caTE PUBLIQUE Plan de protection de l\u2019atmosph\u00e8re des agglom\u00e9rations de Lille et du bassin minier<\/a><\/li><li><a href=\"https:\/\/thiant.fr\/wordpress\/documents_ext\/2024_PPA_Arrete.pdf\" target=\"_blank\" rel=\"noopener\">ARRETE PREFECTORAL Portant ouverture d\u2019une enqu\u00eate publique sur le projet de Plan de protection de l\u2019atmosph\u00e8re des agglom\u00e9rations de Lille et du bassin minier<\/a><\/li><\/ul><\/div><\/div>\t\t\t\t\t\t\t\t<\/div>\n\t\t\t\t<\/div>\n\t\t\t\t<\/div>\n\t\t\t\t\t<\/div>\n\t\t\t\t<\/div>\n\t\t\t\t<\/div>\n\t\t","protected":false},"excerpt":{"rendered":"<p>Une enqu\u00eate publique est ouverte du lundi 16 septembre 2024 \u00e0 9h00 au vendredi 18 octobre 2024 \u00e0 17h00 inclus, soit 33 jours cons\u00e9cutifs, portant sur le projet de plan de protection de l\u2019atmosph\u00e8re (PPA) des agglom\u00e9rations de Lille et du bassin minier qui int\u00e8gre 16 actions visant \u00e0 r\u00e9duire les \u00e9missions de polluants dans l\u2019air et \u00e0 am\u00e9liorer la qualit\u00e9 de l\u2019air.<\/p>\n","protected":false},"author":1,"featured_media":6307,"comment_status":"closed","ping_status":"closed","sticky":false,"template":"","format":"standard","meta":{"_crdt_document":"","ocean_post_layout":"","ocean_both_sidebars_style":"","ocean_both_sidebars_content_width":0,"ocean_both_sidebars_sidebars_width":0,"ocean_sidebar":"0","ocean_second_sidebar":"0","ocean_disable_margins":"enable","ocean_add_body_class":"","ocean_shortcode_before_top_bar":"","ocean_shortcode_after_top_bar":"","ocean_shortcode_before_header":"","ocean_shortcode_after_header":"","ocean_has_shortcode":"","ocean_shortcode_after_title":"","ocean_shortcode_before_footer_widgets":"","ocean_shortcode_after_footer_widgets":"","ocean_shortcode_before_footer_bottom":"","ocean_shortcode_after_footer_bottom":"","ocean_display_top_bar":"default","ocean_display_header":"default","ocean_header_style":"","ocean_center_header_left_menu":"0","ocean_custom_header_template":"0","ocean_custom_logo":0,"ocean_custom_retina_logo":0,"ocean_custom_logo_max_width":0,"ocean_custom_logo_tablet_max_width":0,"ocean_custom_logo_mobile_max_width":0,"ocean_custom_logo_max_height":0,"ocean_custom_logo_tablet_max_height":0,"ocean_custom_logo_mobile_max_height":0,"ocean_header_custom_menu":"0","ocean_menu_typo_font_family":"0","ocean_menu_typo_font_subset":"","ocean_menu_typo_font_size":0,"ocean_menu_typo_font_size_tablet":0,"ocean_menu_typo_font_size_mobile":0,"ocean_menu_typo_font_size_unit":"px","ocean_menu_typo_font_weight":"","ocean_menu_typo_font_weight_tablet":"","ocean_menu_typo_font_weight_mobile":"","ocean_menu_typo_transform":"","ocean_menu_typo_transform_tablet":"","ocean_menu_typo_transform_mobile":"","ocean_menu_typo_line_height":0,"ocean_menu_typo_line_height_tablet":0,"ocean_menu_typo_line_height_mobile":0,"ocean_menu_typo_line_height_unit":"","ocean_menu_typo_spacing":0,"ocean_menu_typo_spacing_tablet":0,"ocean_menu_typo_spacing_mobile":0,"ocean_menu_typo_spacing_unit":"","ocean_menu_link_color":"","ocean_menu_link_color_hover":"","ocean_menu_link_color_active":"","ocean_menu_link_background":"","ocean_menu_link_hover_background":"","ocean_menu_link_active_background":"","ocean_menu_social_links_bg":"","ocean_menu_social_hover_links_bg":"","ocean_menu_social_links_color":"","ocean_menu_social_hover_links_color":"","ocean_disable_title":"default","ocean_disable_heading":"default","ocean_post_title":"","ocean_post_subheading":"","ocean_post_title_style":"","ocean_post_title_background_color":"","ocean_post_title_background":0,"ocean_post_title_bg_image_position":"","ocean_post_title_bg_image_attachment":"","ocean_post_title_bg_image_repeat":"","ocean_post_title_bg_image_size":"","ocean_post_title_height":0,"ocean_post_title_bg_overlay":0.5,"ocean_post_title_bg_overlay_color":"","ocean_disable_breadcrumbs":"default","ocean_breadcrumbs_color":"","ocean_breadcrumbs_separator_color":"","ocean_breadcrumbs_links_color":"","ocean_breadcrumbs_links_hover_color":"","ocean_display_footer_widgets":"default","ocean_display_footer_bottom":"default","ocean_custom_footer_template":"0","ocean_post_oembed":"","ocean_post_self_hosted_media":"","ocean_post_video_embed":"","ocean_link_format":"","ocean_link_format_target":"self","ocean_quote_format":"","ocean_quote_format_link":"post","ocean_gallery_link_images":"on","ocean_gallery_id":[],"footnotes":""},"categories":[634],"tags":[],"class_list":["post-6306","post","type-post","status-publish","format-standard","has-post-thumbnail","hentry","category-informations-institutionnelles","entry","has-media"],"yoast_head":"<!-- This site is optimized with the Yoast SEO plugin v27.3 - https:\/\/yoast.com\/product\/yoast-seo-wordpress\/ -->\n<title>Enqu\u00eate publique portant sur le plan de protection de l\u2019atmosph\u00e8re - Ville de Thiant<\/title>\n<meta name=\"robots\" content=\"index, follow, max-snippet:-1, max-image-preview:large, max-video-preview:-1\" \/>\n<link rel=\"canonical\" href=\"https:\/\/thiant.fr\/wordpress\/enquete-publique-portant-sur-le-plan-de-protection-de-latmosphere\/\" \/>\n<meta property=\"og:locale\" content=\"fr_FR\" \/>\n<meta property=\"og:type\" content=\"article\" \/>\n<meta property=\"og:title\" content=\"Enqu\u00eate publique portant sur le plan de protection de l\u2019atmosph\u00e8re - Ville de Thiant\" \/>\n<meta property=\"og:description\" content=\"Une enqu\u00eate publique est ouverte du lundi 16 septembre 2024 \u00e0 9h00 au vendredi 18 octobre 2024 \u00e0 17h00 inclus, soit 33 jours cons\u00e9cutifs, portant sur le projet de plan de protection de l\u2019atmosph\u00e8re (PPA) des agglom\u00e9rations de Lille et du bassin minier qui int\u00e8gre 16 actions visant \u00e0 r\u00e9duire les \u00e9missions de polluants dans l\u2019air et \u00e0 am\u00e9liorer la qualit\u00e9 de l\u2019air.\" \/>\n<meta property=\"og:url\" content=\"https:\/\/thiant.fr\/wordpress\/enquete-publique-portant-sur-le-plan-de-protection-de-latmosphere\/\" \/>\n<meta property=\"og:site_name\" content=\"Ville de Thiant\" \/>\n<meta property=\"article:published_time\" content=\"2024-09-16T14:24:17+00:00\" \/>\n<meta property=\"article:modified_time\" content=\"2024-09-16T14:28:36+00:00\" \/>\n<meta property=\"og:image\" content=\"https:\/\/thiant.fr\/wordpress\/wp-content\/uploads\/2024\/09\/ciel.png\" \/>\n\t<meta property=\"og:image:width\" content=\"800\" \/>\n\t<meta property=\"og:image:height\" content=\"377\" \/>\n\t<meta property=\"og:image:type\" content=\"image\/png\" \/>\n<meta name=\"author\" content=\"Service communication\" \/>\n<meta name=\"twitter:card\" content=\"summary_large_image\" \/>\n<meta name=\"twitter:label1\" content=\"\u00c9crit par\" \/>\n\t<meta name=\"twitter:data1\" content=\"Service communication\" \/>\n\t<meta name=\"twitter:label2\" content=\"Dur\u00e9e de lecture estim\u00e9e\" \/>\n\t<meta name=\"twitter:data2\" content=\"4 minutes\" \/>\n<script type=\"application\/ld+json\" class=\"yoast-schema-graph\">{\"@context\":\"https:\\\/\\\/schema.org\",\"@graph\":[{\"@type\":\"Article\",\"@id\":\"https:\\\/\\\/thiant.fr\\\/wordpress\\\/enquete-publique-portant-sur-le-plan-de-protection-de-latmosphere\\\/#article\",\"isPartOf\":{\"@id\":\"https:\\\/\\\/thiant.fr\\\/wordpress\\\/enquete-publique-portant-sur-le-plan-de-protection-de-latmosphere\\\/\"},\"author\":{\"name\":\"Service communication\",\"@id\":\"https:\\\/\\\/thiant.fr\\\/wordpress\\\/#\\\/schema\\\/person\\\/f41122130d18c0720657431d990451c6\"},\"headline\":\"Enqu\u00eate publique portant sur le plan de protection de l\u2019atmosph\u00e8re\",\"datePublished\":\"2024-09-16T14:24:17+00:00\",\"dateModified\":\"2024-09-16T14:28:36+00:00\",\"mainEntityOfPage\":{\"@id\":\"https:\\\/\\\/thiant.fr\\\/wordpress\\\/enquete-publique-portant-sur-le-plan-de-protection-de-latmosphere\\\/\"},\"wordCount\":614,\"publisher\":{\"@id\":\"https:\\\/\\\/thiant.fr\\\/wordpress\\\/#organization\"},\"image\":{\"@id\":\"https:\\\/\\\/thiant.fr\\\/wordpress\\\/enquete-publique-portant-sur-le-plan-de-protection-de-latmosphere\\\/#primaryimage\"},\"thumbnailUrl\":\"https:\\\/\\\/thiant.fr\\\/wordpress\\\/wp-content\\\/uploads\\\/2024\\\/09\\\/ciel.png\",\"articleSection\":[\"Informations institutionnelles\"],\"inLanguage\":\"fr-FR\"},{\"@type\":\"WebPage\",\"@id\":\"https:\\\/\\\/thiant.fr\\\/wordpress\\\/enquete-publique-portant-sur-le-plan-de-protection-de-latmosphere\\\/\",\"url\":\"https:\\\/\\\/thiant.fr\\\/wordpress\\\/enquete-publique-portant-sur-le-plan-de-protection-de-latmosphere\\\/\",\"name\":\"Enqu\u00eate publique portant sur le plan de protection de l\u2019atmosph\u00e8re - Ville de Thiant\",\"isPartOf\":{\"@id\":\"https:\\\/\\\/thiant.fr\\\/wordpress\\\/#website\"},\"primaryImageOfPage\":{\"@id\":\"https:\\\/\\\/thiant.fr\\\/wordpress\\\/enquete-publique-portant-sur-le-plan-de-protection-de-latmosphere\\\/#primaryimage\"},\"image\":{\"@id\":\"https:\\\/\\\/thiant.fr\\\/wordpress\\\/enquete-publique-portant-sur-le-plan-de-protection-de-latmosphere\\\/#primaryimage\"},\"thumbnailUrl\":\"https:\\\/\\\/thiant.fr\\\/wordpress\\\/wp-content\\\/uploads\\\/2024\\\/09\\\/ciel.png\",\"datePublished\":\"2024-09-16T14:24:17+00:00\",\"dateModified\":\"2024-09-16T14:28:36+00:00\",\"breadcrumb\":{\"@id\":\"https:\\\/\\\/thiant.fr\\\/wordpress\\\/enquete-publique-portant-sur-le-plan-de-protection-de-latmosphere\\\/#breadcrumb\"},\"inLanguage\":\"fr-FR\",\"potentialAction\":[{\"@type\":\"ReadAction\",\"target\":[\"https:\\\/\\\/thiant.fr\\\/wordpress\\\/enquete-publique-portant-sur-le-plan-de-protection-de-latmosphere\\\/\"]}]},{\"@type\":\"ImageObject\",\"inLanguage\":\"fr-FR\",\"@id\":\"https:\\\/\\\/thiant.fr\\\/wordpress\\\/enquete-publique-portant-sur-le-plan-de-protection-de-latmosphere\\\/#primaryimage\",\"url\":\"https:\\\/\\\/thiant.fr\\\/wordpress\\\/wp-content\\\/uploads\\\/2024\\\/09\\\/ciel.png\",\"contentUrl\":\"https:\\\/\\\/thiant.fr\\\/wordpress\\\/wp-content\\\/uploads\\\/2024\\\/09\\\/ciel.png\",\"width\":800,\"height\":377},{\"@type\":\"BreadcrumbList\",\"@id\":\"https:\\\/\\\/thiant.fr\\\/wordpress\\\/enquete-publique-portant-sur-le-plan-de-protection-de-latmosphere\\\/#breadcrumb\",\"itemListElement\":[{\"@type\":\"ListItem\",\"position\":1,\"name\":\"Accueil\",\"item\":\"https:\\\/\\\/thiant.fr\\\/wordpress\\\/\"},{\"@type\":\"ListItem\",\"position\":2,\"name\":\"Enqu\u00eate publique portant sur le plan de protection de l\u2019atmosph\u00e8re\"}]},{\"@type\":\"WebSite\",\"@id\":\"https:\\\/\\\/thiant.fr\\\/wordpress\\\/#website\",\"url\":\"https:\\\/\\\/thiant.fr\\\/wordpress\\\/\",\"name\":\"Ville de Thiant\",\"description\":\"Site officiel de la ville de Thiant\",\"publisher\":{\"@id\":\"https:\\\/\\\/thiant.fr\\\/wordpress\\\/#organization\"},\"potentialAction\":[{\"@type\":\"SearchAction\",\"target\":{\"@type\":\"EntryPoint\",\"urlTemplate\":\"https:\\\/\\\/thiant.fr\\\/wordpress\\\/?s={search_term_string}\"},\"query-input\":{\"@type\":\"PropertyValueSpecification\",\"valueRequired\":true,\"valueName\":\"search_term_string\"}}],\"inLanguage\":\"fr-FR\"},{\"@type\":\"Organization\",\"@id\":\"https:\\\/\\\/thiant.fr\\\/wordpress\\\/#organization\",\"name\":\"Ville de Thiant\",\"url\":\"https:\\\/\\\/thiant.fr\\\/wordpress\\\/\",\"logo\":{\"@type\":\"ImageObject\",\"inLanguage\":\"fr-FR\",\"@id\":\"https:\\\/\\\/thiant.fr\\\/wordpress\\\/#\\\/schema\\\/logo\\\/image\\\/\",\"url\":\"https:\\\/\\\/thiant.fr\\\/wordpress\\\/wp-content\\\/uploads\\\/2019\\\/08\\\/Thiant_Illdy_4.png\",\"contentUrl\":\"https:\\\/\\\/thiant.fr\\\/wordpress\\\/wp-content\\\/uploads\\\/2019\\\/08\\\/Thiant_Illdy_4.png\",\"width\":105,\"height\":75,\"caption\":\"Ville de Thiant\"},\"image\":{\"@id\":\"https:\\\/\\\/thiant.fr\\\/wordpress\\\/#\\\/schema\\\/logo\\\/image\\\/\"}},{\"@type\":\"Person\",\"@id\":\"https:\\\/\\\/thiant.fr\\\/wordpress\\\/#\\\/schema\\\/person\\\/f41122130d18c0720657431d990451c6\",\"name\":\"Service communication\",\"image\":{\"@type\":\"ImageObject\",\"inLanguage\":\"fr-FR\",\"@id\":\"https:\\\/\\\/secure.gravatar.com\\\/avatar\\\/527d4f1f1330a82db5a7ea7738ddeb994fd26c4537512a833d99b387808ee250?s=96&r=g\",\"url\":\"https:\\\/\\\/secure.gravatar.com\\\/avatar\\\/527d4f1f1330a82db5a7ea7738ddeb994fd26c4537512a833d99b387808ee250?s=96&r=g\",\"contentUrl\":\"https:\\\/\\\/secure.gravatar.com\\\/avatar\\\/527d4f1f1330a82db5a7ea7738ddeb994fd26c4537512a833d99b387808ee250?s=96&r=g\",\"caption\":\"Service communication\"},\"url\":\"https:\\\/\\\/thiant.fr\\\/wordpress\\\/author\\\/adminwpress\\\/\"}]}<\/script>\n<!-- \/ Yoast SEO plugin. -->","yoast_head_json":{"title":"Enqu\u00eate publique portant sur le plan de protection de l\u2019atmosph\u00e8re - Ville de Thiant","robots":{"index":"index","follow":"follow","max-snippet":"max-snippet:-1","max-image-preview":"max-image-preview:large","max-video-preview":"max-video-preview:-1"},"canonical":"https:\/\/thiant.fr\/wordpress\/enquete-publique-portant-sur-le-plan-de-protection-de-latmosphere\/","og_locale":"fr_FR","og_type":"article","og_title":"Enqu\u00eate publique portant sur le plan de protection de l\u2019atmosph\u00e8re - Ville de Thiant","og_description":"Une enqu\u00eate publique est ouverte du lundi 16 septembre 2024 \u00e0 9h00 au vendredi 18 octobre 2024 \u00e0 17h00 inclus, soit 33 jours cons\u00e9cutifs, portant sur le projet de plan de protection de l\u2019atmosph\u00e8re (PPA) des agglom\u00e9rations de Lille et du bassin minier qui int\u00e8gre 16 actions visant \u00e0 r\u00e9duire les \u00e9missions de polluants dans l\u2019air et \u00e0 am\u00e9liorer la qualit\u00e9 de l\u2019air.","og_url":"https:\/\/thiant.fr\/wordpress\/enquete-publique-portant-sur-le-plan-de-protection-de-latmosphere\/","og_site_name":"Ville de Thiant","article_published_time":"2024-09-16T14:24:17+00:00","article_modified_time":"2024-09-16T14:28:36+00:00","og_image":[{"width":800,"height":377,"url":"https:\/\/thiant.fr\/wordpress\/wp-content\/uploads\/2024\/09\/ciel.png","type":"image\/png"}],"author":"Service communication","twitter_card":"summary_large_image","twitter_misc":{"\u00c9crit par":"Service communication","Dur\u00e9e de lecture estim\u00e9e":"4 minutes"},"schema":{"@context":"https:\/\/schema.org","@graph":[{"@type":"Article","@id":"https:\/\/thiant.fr\/wordpress\/enquete-publique-portant-sur-le-plan-de-protection-de-latmosphere\/#article","isPartOf":{"@id":"https:\/\/thiant.fr\/wordpress\/enquete-publique-portant-sur-le-plan-de-protection-de-latmosphere\/"},"author":{"name":"Service communication","@id":"https:\/\/thiant.fr\/wordpress\/#\/schema\/person\/f41122130d18c0720657431d990451c6"},"headline":"Enqu\u00eate publique portant sur le plan de protection de l\u2019atmosph\u00e8re","datePublished":"2024-09-16T14:24:17+00:00","dateModified":"2024-09-16T14:28:36+00:00","mainEntityOfPage":{"@id":"https:\/\/thiant.fr\/wordpress\/enquete-publique-portant-sur-le-plan-de-protection-de-latmosphere\/"},"wordCount":614,"publisher":{"@id":"https:\/\/thiant.fr\/wordpress\/#organization"},"image":{"@id":"https:\/\/thiant.fr\/wordpress\/enquete-publique-portant-sur-le-plan-de-protection-de-latmosphere\/#primaryimage"},"thumbnailUrl":"https:\/\/thiant.fr\/wordpress\/wp-content\/uploads\/2024\/09\/ciel.png","articleSection":["Informations institutionnelles"],"inLanguage":"fr-FR"},{"@type":"WebPage","@id":"https:\/\/thiant.fr\/wordpress\/enquete-publique-portant-sur-le-plan-de-protection-de-latmosphere\/","url":"https:\/\/thiant.fr\/wordpress\/enquete-publique-portant-sur-le-plan-de-protection-de-latmosphere\/","name":"Enqu\u00eate publique portant sur le plan de protection de l\u2019atmosph\u00e8re - Ville de Thiant","isPartOf":{"@id":"https:\/\/thiant.fr\/wordpress\/#website"},"primaryImageOfPage":{"@id":"https:\/\/thiant.fr\/wordpress\/enquete-publique-portant-sur-le-plan-de-protection-de-latmosphere\/#primaryimage"},"image":{"@id":"https:\/\/thiant.fr\/wordpress\/enquete-publique-portant-sur-le-plan-de-protection-de-latmosphere\/#primaryimage"},"thumbnailUrl":"https:\/\/thiant.fr\/wordpress\/wp-content\/uploads\/2024\/09\/ciel.png","datePublished":"2024-09-16T14:24:17+00:00","dateModified":"2024-09-16T14:28:36+00:00","breadcrumb":{"@id":"https:\/\/thiant.fr\/wordpress\/enquete-publique-portant-sur-le-plan-de-protection-de-latmosphere\/#breadcrumb"},"inLanguage":"fr-FR","potentialAction":[{"@type":"ReadAction","target":["https:\/\/thiant.fr\/wordpress\/enquete-publique-portant-sur-le-plan-de-protection-de-latmosphere\/"]}]},{"@type":"ImageObject","inLanguage":"fr-FR","@id":"https:\/\/thiant.fr\/wordpress\/enquete-publique-portant-sur-le-plan-de-protection-de-latmosphere\/#primaryimage","url":"https:\/\/thiant.fr\/wordpress\/wp-content\/uploads\/2024\/09\/ciel.png","contentUrl":"https:\/\/thiant.fr\/wordpress\/wp-content\/uploads\/2024\/09\/ciel.png","width":800,"height":377},{"@type":"BreadcrumbList","@id":"https:\/\/thiant.fr\/wordpress\/enquete-publique-portant-sur-le-plan-de-protection-de-latmosphere\/#breadcrumb","itemListElement":[{"@type":"ListItem","position":1,"name":"Accueil","item":"https:\/\/thiant.fr\/wordpress\/"},{"@type":"ListItem","position":2,"name":"Enqu\u00eate publique portant sur le plan de protection de l\u2019atmosph\u00e8re"}]},{"@type":"WebSite","@id":"https:\/\/thiant.fr\/wordpress\/#website","url":"https:\/\/thiant.fr\/wordpress\/","name":"Ville de Thiant","description":"Site officiel de la ville de Thiant","publisher":{"@id":"https:\/\/thiant.fr\/wordpress\/#organization"},"potentialAction":[{"@type":"SearchAction","target":{"@type":"EntryPoint","urlTemplate":"https:\/\/thiant.fr\/wordpress\/?s={search_term_string}"},"query-input":{"@type":"PropertyValueSpecification","valueRequired":true,"valueName":"search_term_string"}}],"inLanguage":"fr-FR"},{"@type":"Organization","@id":"https:\/\/thiant.fr\/wordpress\/#organization","name":"Ville de Thiant","url":"https:\/\/thiant.fr\/wordpress\/","logo":{"@type":"ImageObject","inLanguage":"fr-FR","@id":"https:\/\/thiant.fr\/wordpress\/#\/schema\/logo\/image\/","url":"https:\/\/thiant.fr\/wordpress\/wp-content\/uploads\/2019\/08\/Thiant_Illdy_4.png","contentUrl":"https:\/\/thiant.fr\/wordpress\/wp-content\/uploads\/2019\/08\/Thiant_Illdy_4.png","width":105,"height":75,"caption":"Ville de Thiant"},"image":{"@id":"https:\/\/thiant.fr\/wordpress\/#\/schema\/logo\/image\/"}},{"@type":"Person","@id":"https:\/\/thiant.fr\/wordpress\/#\/schema\/person\/f41122130d18c0720657431d990451c6","name":"Service communication","image":{"@type":"ImageObject","inLanguage":"fr-FR","@id":"https:\/\/secure.gravatar.com\/avatar\/527d4f1f1330a82db5a7ea7738ddeb994fd26c4537512a833d99b387808ee250?s=96&r=g","url":"https:\/\/secure.gravatar.com\/avatar\/527d4f1f1330a82db5a7ea7738ddeb994fd26c4537512a833d99b387808ee250?s=96&r=g","contentUrl":"https:\/\/secure.gravatar.com\/avatar\/527d4f1f1330a82db5a7ea7738ddeb994fd26c4537512a833d99b387808ee250?s=96&r=g","caption":"Service communication"},"url":"https:\/\/thiant.fr\/wordpress\/author\/adminwpress\/"}]}},"_links":{"self":[{"href":"https:\/\/thiant.fr\/wordpress\/wp-json\/wp\/v2\/posts\/6306","targetHints":{"allow":["GET"]}}],"collection":[{"href":"https:\/\/thiant.fr\/wordpress\/wp-json\/wp\/v2\/posts"}],"about":[{"href":"https:\/\/thiant.fr\/wordpress\/wp-json\/wp\/v2\/types\/post"}],"author":[{"embeddable":true,"href":"https:\/\/thiant.fr\/wordpress\/wp-json\/wp\/v2\/users\/1"}],"replies":[{"embeddable":true,"href":"https:\/\/thiant.fr\/wordpress\/wp-json\/wp\/v2\/comments?post=6306"}],"version-history":[{"count":13,"href":"https:\/\/thiant.fr\/wordpress\/wp-json\/wp\/v2\/posts\/6306\/revisions"}],"predecessor-version":[{"id":6321,"href":"https:\/\/thiant.fr\/wordpress\/wp-json\/wp\/v2\/posts\/6306\/revisions\/6321"}],"wp:featuredmedia":[{"embeddable":true,"href":"https:\/\/thiant.fr\/wordpress\/wp-json\/wp\/v2\/media\/6307"}],"wp:attachment":[{"href":"https:\/\/thiant.fr\/wordpress\/wp-json\/wp\/v2\/media?parent=6306"}],"wp:term":[{"taxonomy":"category","embeddable":true,"href":"https:\/\/thiant.fr\/wordpress\/wp-json\/wp\/v2\/categories?post=6306"},{"taxonomy":"post_tag","embeddable":true,"href":"https:\/\/thiant.fr\/wordpress\/wp-json\/wp\/v2\/tags?post=6306"}],"curies":[{"name":"wp","href":"https:\/\/api.w.org\/{rel}","templated":true}]}}