{"id":7604,"date":"2026-03-23T14:53:50","date_gmt":"2026-03-23T13:53:50","guid":{"rendered":"https:\/\/thiant.fr\/wordpress\/?p=7604"},"modified":"2026-03-26T14:01:53","modified_gmt":"2026-03-26T13:01:53","slug":"nouveau-conseil-municipal","status":"publish","type":"post","link":"https:\/\/thiant.fr\/wordpress\/nouveau-conseil-municipal\/","title":{"rendered":"Nouveau Conseil Municipal"},"content":{"rendered":"\t\t<div data-elementor-type=\"wp-post\" data-elementor-id=\"7604\" class=\"elementor elementor-7604\">\n\t\t\t\t<div class=\"elementor-element elementor-element-ba77520 e-flex e-con-boxed e-con e-parent\" data-id=\"ba77520\" data-element_type=\"container\" data-e-type=\"container\">\n\t\t\t\t\t<div class=\"e-con-inner\">\n\t\t\t\t<div class=\"elementor-element elementor-element-f685b9a elementor-widget elementor-widget-text-editor\" data-id=\"f685b9a\" data-element_type=\"widget\" data-e-type=\"widget\" data-widget_type=\"text-editor.default\">\n\t\t\t\t<div class=\"elementor-widget-container\">\n\t\t\t\t\t\t\t\t\t<p>L&#8217;installation du Conseil Municipal s&#8217;est d\u00e9roul\u00e9e ce dimanche 22 mars 2026 \u00e0 10h30 \u00e0 la salle du conseil en mairie de Thiant. Une retransmission en direct \u00e0 la salle des f\u00eates sur grand \u00e9cran a permis au plus grand nombre d&#8217;y assister.<\/p><p>Ce premier conseil municipal permet l&#8217;\u00e9lection du maire et de ses adjoints ainsi que la formation des diff\u00e9rentes commissions. Pour rappel, la liste \u00e9lue au premier tour des \u00e9lections du 15 mars dernier se composait de :<\/p><ul><li>LAURENT Jimmy<\/li><li>BAR-DESESPRINGALLE Fran\u00e7oise<\/li><li>HARBONNIER Jean-Michel<\/li><li>LEROY Pauline<\/li><li>LEBRUN Philippe<\/li><li>SOURISSE Nathalie<\/li><li>DANGLETERRE Jean-Louis<\/li><li>BATAILLE L\u00e6titia<\/li><li>BALBONA Rapha\u00ebl<\/li><li>LARIVE Virginie<\/li><li>MASCLET Fr\u00e9d\u00e9ric<\/li><li>LEBRUN \u00c9milie<\/li><li>LION Pascal<\/li><li>DELROT Sana<\/li><li>DUPONT Alain<\/li><li>COLEAU Annie<\/li><li>FRAN\u00c7OIS S\u00e9bastien<\/li><li>LEDUC Marie-Blanche<\/li><li>CORBIER Laurent<\/li><li>BRABANT Catherine<\/li><li>DESSAINT Dimitri<\/li><li>CORBIER Virginie<\/li><li>RAVIART Paul<\/li><li>SCOPAZZO Sabine<\/li><li>PUMA Christophe<\/li><\/ul><p>Vu les r\u00e9sultats des \u00e9lections, la liste ci-dessus, &#8220;Agir avec les Thiantais&#8221;, a obtenu 20 si\u00e8ges au conseil municipal. La liste perdante, &#8220;A venir ensemble pour Thiant&#8221;, en obtient 3. Le nouveau conseil municipal est donc constitu\u00e9 des 20 premiers noms de la liste \u00e9lue et des 3 premiers de la liste sortante.<\/p><p>Pour sa premi\u00e8re r\u00e9union, le nouveau conseil municipal a \u00e9lu <strong>le nouveau maire de Thiant : LAURENT Jimmy.<\/strong><\/p><p><img fetchpriority=\"high\" decoding=\"async\" class=\"aligncenter wp-image-7625 size-full\" src=\"https:\/\/thiant.fr\/wordpress\/wp-content\/uploads\/2026\/03\/Nouveau-Maire_Jimmy-LAURENT.png\" alt=\"\" width=\"800\" height=\"549\" srcset=\"https:\/\/thiant.fr\/wordpress\/wp-content\/uploads\/2026\/03\/Nouveau-Maire_Jimmy-LAURENT.png 800w, https:\/\/thiant.fr\/wordpress\/wp-content\/uploads\/2026\/03\/Nouveau-Maire_Jimmy-LAURENT-300x206.png 300w, https:\/\/thiant.fr\/wordpress\/wp-content\/uploads\/2026\/03\/Nouveau-Maire_Jimmy-LAURENT-768x527.png 768w\" sizes=\"(max-width: 800px) 100vw, 800px\" \/><\/p><p>Ce dernier a propos\u00e9 une liste d&#8217;adjoint\u00b7es, valid\u00e9e par l&#8217;ensemble du conseil municipal :<\/p><ul><li><strong>Premi\u00e8re Adjointe : BAR-DESESPRINGALLE Fran\u00e7oise<\/strong> pour la commission &#8220;<em>Coh\u00e9sion sociale, solidarit\u00e9s interg\u00e9n\u00e9rationnelles, sant\u00e9 et handicap<\/em>&#8220;<\/li><li><strong>Deuxi\u00e8me Adjoint : HARBONNIER Jean-Michel<\/strong> pour la commission &#8220;<em>Finances et optimisation des d\u00e9penses publiques<\/em>&#8220;<\/li><li><strong>Troisi\u00e8me Adjointe : LEROY Pauline<\/strong> pour la commission &#8220;<em>Enfance, jeunesse, vie scolaire<\/em>&#8220;<\/li><li><strong>Quatri\u00e8me Adjoint : LEBRUN Philippe<\/strong> pour la commission &#8220;<em>Travaux et patrimoine b\u00e2ti<\/em>&#8220;<\/li><li><strong>Cinqui\u00e8me Adjointe : BATAILLE L\u00e6titia<\/strong> pour la commission &#8220;<em>Vie associative, sports et culture<\/em>&#8220;<\/li><li><strong>Sixi\u00e8me Adjoint : BALBONA Rapha\u00ebl<\/strong> pour la commission &#8220;<em>Urbanisme, am\u00e9nagement du territoire et mobilit\u00e9<\/em>&#8220;<\/li><\/ul><p>Le Maire peut d\u00e9l\u00e9guer une partie de ses fonctions \u00e0 des <strong>conseiller\u00b7\u00e8res d\u00e9l\u00e9gu\u00e9\u00b7es :<\/strong><\/p><ul><li><strong>SOURISSE Nathalie<\/strong> sera en charge de<em> l&#8217;administration g\u00e9n\u00e9rale et du dialogue social<\/em><\/li><li><strong>LION Pascal<\/strong> sera en charge de <em>l&#8217;animation locale et de la communication<\/em><\/li><li><strong>DANGLETERRE Jean-Louis<\/strong> sera en charge de <em>la tranquillit\u00e9 publique et de la s\u00e9curit\u00e9 des biens et des personnes<\/em><\/li><\/ul><p>Ainsi, le nouveau conseil municipal se compose de :<\/p><ul><li><strong>LAURENT Jimmy, Maire<\/strong><\/li><li><strong>BAR-DESESPRINGALLE Fran\u00e7oise, premi\u00e8re Adjointe<\/strong><\/li><li><strong>HARBONNIER Jean-Michel, deuxi\u00e8me Adjoint<\/strong><\/li><li><strong>LEROY Pauline, troisi\u00e8me Adjointe<\/strong><\/li><li><strong>LEBRUN Philippe, quatri\u00e8me Adjoint<\/strong><\/li><li><strong>BATAILLE L\u00e6titia, cinqui\u00e8me Adjointe<\/strong><\/li><li><strong>BALBONA Rapha\u00ebl, sixi\u00e8me Adjoint<\/strong><\/li><li><strong>SOURISSE Nathalie, conseill\u00e8re d\u00e9l\u00e9gu\u00e9e<\/strong><\/li><li><strong>LION Pascal, conseiller d\u00e9l\u00e9gu\u00e9<\/strong><\/li><li><strong>DANGLETERRE Jean-Louis, conseiller d\u00e9l\u00e9gu\u00e9<\/strong><\/li><li>LARIVE Virginie, conseill\u00e8re<\/li><li>MASCLET Fr\u00e9d\u00e9ric, conseiller<\/li><li>LEBRUN \u00c9milie, conseill\u00e8re<\/li><li>DELROT Sana, conseill\u00e8re<\/li><li>DUPONT Alain, conseiller<\/li><li>COLEAU Annie, conseill\u00e8re<\/li><li>FRAN\u00c7OIS S\u00e9bastien, conseiller<\/li><li>LEDUC Marie-Blanche, conseill\u00e8re<\/li><li>CORBIER Laurent, conseiller<\/li><li>BRABANT Catherine, conseill\u00e8re<\/li><li>WAELKENS Philippe, conseiller de la liste d&#8217;opposition<\/li><li>LUCI Lucie, conseill\u00e8re de la liste d&#8217;opposition<\/li><li>POTTIEZ Jean-No\u00ebl, conseiller de la liste d&#8217;opposition<\/li><\/ul>\t\t\t\t\t\t\t\t<\/div>\n\t\t\t\t<\/div>\n\t\t\t\t\t<\/div>\n\t\t\t\t<\/div>\n\t\t<div class=\"elementor-element elementor-element-0977ac9 e-flex e-con-boxed e-con e-parent\" data-id=\"0977ac9\" data-element_type=\"container\" data-e-type=\"container\">\n\t\t\t\t\t<div class=\"e-con-inner\">\n\t\t<div class=\"elementor-element elementor-element-36758ce e-con-full e-flex e-con e-child\" data-id=\"36758ce\" data-element_type=\"container\" data-e-type=\"container\">\n\t\t\t\t<div class=\"elementor-element elementor-element-a117336 elementor-widget elementor-widget-image\" data-id=\"a117336\" data-element_type=\"widget\" data-e-type=\"widget\" data-widget_type=\"image.default\">\n\t\t\t\t<div class=\"elementor-widget-container\">\n\t\t\t\t\t\t\t\t\t\t\t\t<figure class=\"wp-caption\">\n\t\t\t\t\t\t\t\t\t\t<img decoding=\"async\" width=\"800\" height=\"532\" src=\"https:\/\/thiant.fr\/wordpress\/wp-content\/uploads\/2026\/03\/salle-du-conseil.png\" class=\"attachment-large size-large wp-image-7627\" alt=\"\" srcset=\"https:\/\/thiant.fr\/wordpress\/wp-content\/uploads\/2026\/03\/salle-du-conseil.png 800w, https:\/\/thiant.fr\/wordpress\/wp-content\/uploads\/2026\/03\/salle-du-conseil-300x200.png 300w, https:\/\/thiant.fr\/wordpress\/wp-content\/uploads\/2026\/03\/salle-du-conseil-768x511.png 768w\" sizes=\"(max-width: 800px) 100vw, 800px\" \/>\t\t\t\t\t\t\t\t\t\t\t<figcaption class=\"widget-image-caption wp-caption-text\">Le conseil municipal dans la salle du conseil en mairie<\/figcaption>\n\t\t\t\t\t\t\t\t\t\t<\/figure>\n\t\t\t\t\t\t\t\t\t<\/div>\n\t\t\t\t<\/div>\n\t\t\t\t<\/div>\n\t\t<div class=\"elementor-element elementor-element-bdd78dd e-con-full e-flex e-con e-child\" data-id=\"bdd78dd\" data-element_type=\"container\" data-e-type=\"container\">\n\t\t\t\t<div class=\"elementor-element elementor-element-7d80e24 elementor-widget elementor-widget-image\" data-id=\"7d80e24\" data-element_type=\"widget\" data-e-type=\"widget\" data-widget_type=\"image.default\">\n\t\t\t\t<div class=\"elementor-widget-container\">\n\t\t\t\t\t\t\t\t\t\t\t\t<figure class=\"wp-caption\">\n\t\t\t\t\t\t\t\t\t\t<img decoding=\"async\" width=\"800\" height=\"532\" src=\"https:\/\/thiant.fr\/wordpress\/wp-content\/uploads\/2026\/03\/salle-des-fetes.png\" class=\"attachment-large size-large wp-image-7626\" alt=\"\" srcset=\"https:\/\/thiant.fr\/wordpress\/wp-content\/uploads\/2026\/03\/salle-des-fetes.png 800w, https:\/\/thiant.fr\/wordpress\/wp-content\/uploads\/2026\/03\/salle-des-fetes-300x200.png 300w, https:\/\/thiant.fr\/wordpress\/wp-content\/uploads\/2026\/03\/salle-des-fetes-768x511.png 768w\" sizes=\"(max-width: 800px) 100vw, 800px\" \/>\t\t\t\t\t\t\t\t\t\t\t<figcaption class=\"widget-image-caption wp-caption-text\">La retransmission sur grand \u00e9cran \u00e0 la salle des f\u00eates<\/figcaption>\n\t\t\t\t\t\t\t\t\t\t<\/figure>\n\t\t\t\t\t\t\t\t\t<\/div>\n\t\t\t\t<\/div>\n\t\t\t\t<\/div>\n\t\t\t\t\t<\/div>\n\t\t\t\t<\/div>\n\t\t\t\t<\/div>\n\t\t","protected":false},"excerpt":{"rendered":"<p>L&#8217;installation du Conseil Municipal s&#8217;est d\u00e9roul\u00e9e ce dimanche 22 mars 2026 \u00e0 10h30 \u00e0 la salle du conseil en mairie de Thiant. Une retransmission en direct \u00e0 la salle des f\u00eates sur grand \u00e9cran a permis au plus grand nombre d&#8217;y assister. Ce premier conseil municipal permet l&#8217;\u00e9lection du maire et de ses adjoints ainsi [&hellip;]<\/p>\n","protected":false},"author":1,"featured_media":7605,"comment_status":"closed","ping_status":"closed","sticky":false,"template":"","format":"standard","meta":{"_crdt_document":"","ocean_post_layout":"","ocean_both_sidebars_style":"","ocean_both_sidebars_content_width":0,"ocean_both_sidebars_sidebars_width":0,"ocean_sidebar":"0","ocean_second_sidebar":"0","ocean_disable_margins":"enable","ocean_add_body_class":"","ocean_shortcode_before_top_bar":"","ocean_shortcode_after_top_bar":"","ocean_shortcode_before_header":"","ocean_shortcode_after_header":"","ocean_has_shortcode":"","ocean_shortcode_after_title":"","ocean_shortcode_before_footer_widgets":"","ocean_shortcode_after_footer_widgets":"","ocean_shortcode_before_footer_bottom":"","ocean_shortcode_after_footer_bottom":"","ocean_display_top_bar":"default","ocean_display_header":"default","ocean_header_style":"","ocean_center_header_left_menu":"0","ocean_custom_header_template":"0","ocean_custom_logo":0,"ocean_custom_retina_logo":0,"ocean_custom_logo_max_width":0,"ocean_custom_logo_tablet_max_width":0,"ocean_custom_logo_mobile_max_width":0,"ocean_custom_logo_max_height":0,"ocean_custom_logo_tablet_max_height":0,"ocean_custom_logo_mobile_max_height":0,"ocean_header_custom_menu":"0","ocean_menu_typo_font_family":"0","ocean_menu_typo_font_subset":"","ocean_menu_typo_font_size":0,"ocean_menu_typo_font_size_tablet":0,"ocean_menu_typo_font_size_mobile":0,"ocean_menu_typo_font_size_unit":"px","ocean_menu_typo_font_weight":"","ocean_menu_typo_font_weight_tablet":"","ocean_menu_typo_font_weight_mobile":"","ocean_menu_typo_transform":"","ocean_menu_typo_transform_tablet":"","ocean_menu_typo_transform_mobile":"","ocean_menu_typo_line_height":0,"ocean_menu_typo_line_height_tablet":0,"ocean_menu_typo_line_height_mobile":0,"ocean_menu_typo_line_height_unit":"","ocean_menu_typo_spacing":0,"ocean_menu_typo_spacing_tablet":0,"ocean_menu_typo_spacing_mobile":0,"ocean_menu_typo_spacing_unit":"","ocean_menu_link_color":"","ocean_menu_link_color_hover":"","ocean_menu_link_color_active":"","ocean_menu_link_background":"","ocean_menu_link_hover_background":"","ocean_menu_link_active_background":"","ocean_menu_social_links_bg":"","ocean_menu_social_hover_links_bg":"","ocean_menu_social_links_color":"","ocean_menu_social_hover_links_color":"","ocean_disable_title":"default","ocean_disable_heading":"default","ocean_post_title":"","ocean_post_subheading":"","ocean_post_title_style":"","ocean_post_title_background_color":"","ocean_post_title_background":0,"ocean_post_title_bg_image_position":"","ocean_post_title_bg_image_attachment":"","ocean_post_title_bg_image_repeat":"","ocean_post_title_bg_image_size":"","ocean_post_title_height":0,"ocean_post_title_bg_overlay":0.5,"ocean_post_title_bg_overlay_color":"","ocean_disable_breadcrumbs":"default","ocean_breadcrumbs_color":"","ocean_breadcrumbs_separator_color":"","ocean_breadcrumbs_links_color":"","ocean_breadcrumbs_links_hover_color":"","ocean_display_footer_widgets":"default","ocean_display_footer_bottom":"default","ocean_custom_footer_template":"0","ocean_post_oembed":"","ocean_post_self_hosted_media":"","ocean_post_video_embed":"","ocean_link_format":"","ocean_link_format_target":"self","ocean_quote_format":"","ocean_quote_format_link":"post","ocean_gallery_link_images":"off","ocean_gallery_id":[],"footnotes":""},"categories":[3],"tags":[1241,251,1232,1242,25],"class_list":["post-7604","post","type-post","status-publish","format-standard","has-post-thumbnail","hentry","category-actualites-municipales","tag-conseil-municipal","tag-elections-municipales","tag-elections-municipales-2026","tag-nouveau-conseil-municipal","tag-thiant","entry","has-media"],"yoast_head":"<!-- This site is optimized with the Yoast SEO plugin v27.3 - https:\/\/yoast.com\/product\/yoast-seo-wordpress\/ -->\n<title>Nouveau Conseil Municipal - Ville de Thiant<\/title>\n<meta name=\"robots\" content=\"index, follow, max-snippet:-1, max-image-preview:large, max-video-preview:-1\" \/>\n<link rel=\"canonical\" href=\"https:\/\/thiant.fr\/wordpress\/nouveau-conseil-municipal\/\" \/>\n<meta property=\"og:locale\" content=\"fr_FR\" \/>\n<meta property=\"og:type\" content=\"article\" \/>\n<meta property=\"og:title\" content=\"Nouveau Conseil Municipal - Ville de Thiant\" \/>\n<meta property=\"og:description\" content=\"L&#8217;installation du Conseil Municipal s&#8217;est d\u00e9roul\u00e9e ce dimanche 22 mars 2026 \u00e0 10h30 \u00e0 la salle du conseil en mairie de Thiant. Une retransmission en direct \u00e0 la salle des f\u00eates sur grand \u00e9cran a permis au plus grand nombre d&#8217;y assister. Ce premier conseil municipal permet l&#8217;\u00e9lection du maire et de ses adjoints ainsi [&hellip;]\" \/>\n<meta property=\"og:url\" content=\"https:\/\/thiant.fr\/wordpress\/nouveau-conseil-municipal\/\" \/>\n<meta property=\"og:site_name\" content=\"Ville de Thiant\" \/>\n<meta property=\"article:published_time\" content=\"2026-03-23T13:53:50+00:00\" \/>\n<meta property=\"article:modified_time\" content=\"2026-03-26T13:01:53+00:00\" \/>\n<meta property=\"og:image\" content=\"https:\/\/thiant.fr\/wordpress\/wp-content\/uploads\/2026\/03\/2026-03-22_Nouveau-Conseil-Municipal.png\" \/>\n\t<meta property=\"og:image:width\" content=\"800\" \/>\n\t<meta property=\"og:image:height\" content=\"595\" \/>\n\t<meta property=\"og:image:type\" content=\"image\/png\" \/>\n<meta name=\"author\" content=\"Service communication\" \/>\n<meta name=\"twitter:card\" content=\"summary_large_image\" \/>\n<meta name=\"twitter:label1\" content=\"\u00c9crit par\" \/>\n\t<meta name=\"twitter:data1\" content=\"Service communication\" \/>\n\t<meta name=\"twitter:label2\" content=\"Dur\u00e9e de lecture estim\u00e9e\" \/>\n\t<meta name=\"twitter:data2\" content=\"4 minutes\" \/>\n<script type=\"application\/ld+json\" class=\"yoast-schema-graph\">{\"@context\":\"https:\\\/\\\/schema.org\",\"@graph\":[{\"@type\":\"Article\",\"@id\":\"https:\\\/\\\/thiant.fr\\\/wordpress\\\/nouveau-conseil-municipal\\\/#article\",\"isPartOf\":{\"@id\":\"https:\\\/\\\/thiant.fr\\\/wordpress\\\/nouveau-conseil-municipal\\\/\"},\"author\":{\"name\":\"Service communication\",\"@id\":\"https:\\\/\\\/thiant.fr\\\/wordpress\\\/#\\\/schema\\\/person\\\/f41122130d18c0720657431d990451c6\"},\"headline\":\"Nouveau Conseil Municipal\",\"datePublished\":\"2026-03-23T13:53:50+00:00\",\"dateModified\":\"2026-03-26T13:01:53+00:00\",\"mainEntityOfPage\":{\"@id\":\"https:\\\/\\\/thiant.fr\\\/wordpress\\\/nouveau-conseil-municipal\\\/\"},\"wordCount\":532,\"publisher\":{\"@id\":\"https:\\\/\\\/thiant.fr\\\/wordpress\\\/#organization\"},\"image\":{\"@id\":\"https:\\\/\\\/thiant.fr\\\/wordpress\\\/nouveau-conseil-municipal\\\/#primaryimage\"},\"thumbnailUrl\":\"https:\\\/\\\/thiant.fr\\\/wordpress\\\/wp-content\\\/uploads\\\/2026\\\/03\\\/2026-03-22_Nouveau-Conseil-Municipal.png\",\"keywords\":[\"conseil municipal\",\"\u00e9lections municipales\",\"\u00e9lections municipales 2026\",\"nouveau conseil municipal\",\"thiant\"],\"articleSection\":[\"Actualit\u00e9s municipales\"],\"inLanguage\":\"fr-FR\"},{\"@type\":\"WebPage\",\"@id\":\"https:\\\/\\\/thiant.fr\\\/wordpress\\\/nouveau-conseil-municipal\\\/\",\"url\":\"https:\\\/\\\/thiant.fr\\\/wordpress\\\/nouveau-conseil-municipal\\\/\",\"name\":\"Nouveau Conseil Municipal - Ville de Thiant\",\"isPartOf\":{\"@id\":\"https:\\\/\\\/thiant.fr\\\/wordpress\\\/#website\"},\"primaryImageOfPage\":{\"@id\":\"https:\\\/\\\/thiant.fr\\\/wordpress\\\/nouveau-conseil-municipal\\\/#primaryimage\"},\"image\":{\"@id\":\"https:\\\/\\\/thiant.fr\\\/wordpress\\\/nouveau-conseil-municipal\\\/#primaryimage\"},\"thumbnailUrl\":\"https:\\\/\\\/thiant.fr\\\/wordpress\\\/wp-content\\\/uploads\\\/2026\\\/03\\\/2026-03-22_Nouveau-Conseil-Municipal.png\",\"datePublished\":\"2026-03-23T13:53:50+00:00\",\"dateModified\":\"2026-03-26T13:01:53+00:00\",\"breadcrumb\":{\"@id\":\"https:\\\/\\\/thiant.fr\\\/wordpress\\\/nouveau-conseil-municipal\\\/#breadcrumb\"},\"inLanguage\":\"fr-FR\",\"potentialAction\":[{\"@type\":\"ReadAction\",\"target\":[\"https:\\\/\\\/thiant.fr\\\/wordpress\\\/nouveau-conseil-municipal\\\/\"]}]},{\"@type\":\"ImageObject\",\"inLanguage\":\"fr-FR\",\"@id\":\"https:\\\/\\\/thiant.fr\\\/wordpress\\\/nouveau-conseil-municipal\\\/#primaryimage\",\"url\":\"https:\\\/\\\/thiant.fr\\\/wordpress\\\/wp-content\\\/uploads\\\/2026\\\/03\\\/2026-03-22_Nouveau-Conseil-Municipal.png\",\"contentUrl\":\"https:\\\/\\\/thiant.fr\\\/wordpress\\\/wp-content\\\/uploads\\\/2026\\\/03\\\/2026-03-22_Nouveau-Conseil-Municipal.png\",\"width\":800,\"height\":595},{\"@type\":\"BreadcrumbList\",\"@id\":\"https:\\\/\\\/thiant.fr\\\/wordpress\\\/nouveau-conseil-municipal\\\/#breadcrumb\",\"itemListElement\":[{\"@type\":\"ListItem\",\"position\":1,\"name\":\"Accueil\",\"item\":\"https:\\\/\\\/thiant.fr\\\/wordpress\\\/\"},{\"@type\":\"ListItem\",\"position\":2,\"name\":\"Nouveau Conseil Municipal\"}]},{\"@type\":\"WebSite\",\"@id\":\"https:\\\/\\\/thiant.fr\\\/wordpress\\\/#website\",\"url\":\"https:\\\/\\\/thiant.fr\\\/wordpress\\\/\",\"name\":\"Ville de Thiant\",\"description\":\"Site officiel de la ville de Thiant\",\"publisher\":{\"@id\":\"https:\\\/\\\/thiant.fr\\\/wordpress\\\/#organization\"},\"potentialAction\":[{\"@type\":\"SearchAction\",\"target\":{\"@type\":\"EntryPoint\",\"urlTemplate\":\"https:\\\/\\\/thiant.fr\\\/wordpress\\\/?s={search_term_string}\"},\"query-input\":{\"@type\":\"PropertyValueSpecification\",\"valueRequired\":true,\"valueName\":\"search_term_string\"}}],\"inLanguage\":\"fr-FR\"},{\"@type\":\"Organization\",\"@id\":\"https:\\\/\\\/thiant.fr\\\/wordpress\\\/#organization\",\"name\":\"Ville de Thiant\",\"url\":\"https:\\\/\\\/thiant.fr\\\/wordpress\\\/\",\"logo\":{\"@type\":\"ImageObject\",\"inLanguage\":\"fr-FR\",\"@id\":\"https:\\\/\\\/thiant.fr\\\/wordpress\\\/#\\\/schema\\\/logo\\\/image\\\/\",\"url\":\"https:\\\/\\\/thiant.fr\\\/wordpress\\\/wp-content\\\/uploads\\\/2019\\\/08\\\/Thiant_Illdy_4.png\",\"contentUrl\":\"https:\\\/\\\/thiant.fr\\\/wordpress\\\/wp-content\\\/uploads\\\/2019\\\/08\\\/Thiant_Illdy_4.png\",\"width\":105,\"height\":75,\"caption\":\"Ville de Thiant\"},\"image\":{\"@id\":\"https:\\\/\\\/thiant.fr\\\/wordpress\\\/#\\\/schema\\\/logo\\\/image\\\/\"}},{\"@type\":\"Person\",\"@id\":\"https:\\\/\\\/thiant.fr\\\/wordpress\\\/#\\\/schema\\\/person\\\/f41122130d18c0720657431d990451c6\",\"name\":\"Service communication\",\"image\":{\"@type\":\"ImageObject\",\"inLanguage\":\"fr-FR\",\"@id\":\"https:\\\/\\\/secure.gravatar.com\\\/avatar\\\/527d4f1f1330a82db5a7ea7738ddeb994fd26c4537512a833d99b387808ee250?s=96&r=g\",\"url\":\"https:\\\/\\\/secure.gravatar.com\\\/avatar\\\/527d4f1f1330a82db5a7ea7738ddeb994fd26c4537512a833d99b387808ee250?s=96&r=g\",\"contentUrl\":\"https:\\\/\\\/secure.gravatar.com\\\/avatar\\\/527d4f1f1330a82db5a7ea7738ddeb994fd26c4537512a833d99b387808ee250?s=96&r=g\",\"caption\":\"Service communication\"},\"url\":\"https:\\\/\\\/thiant.fr\\\/wordpress\\\/author\\\/adminwpress\\\/\"}]}<\/script>\n<!-- \/ Yoast SEO plugin. -->","yoast_head_json":{"title":"Nouveau Conseil Municipal - Ville de Thiant","robots":{"index":"index","follow":"follow","max-snippet":"max-snippet:-1","max-image-preview":"max-image-preview:large","max-video-preview":"max-video-preview:-1"},"canonical":"https:\/\/thiant.fr\/wordpress\/nouveau-conseil-municipal\/","og_locale":"fr_FR","og_type":"article","og_title":"Nouveau Conseil Municipal - Ville de Thiant","og_description":"L&#8217;installation du Conseil Municipal s&#8217;est d\u00e9roul\u00e9e ce dimanche 22 mars 2026 \u00e0 10h30 \u00e0 la salle du conseil en mairie de Thiant. Une retransmission en direct \u00e0 la salle des f\u00eates sur grand \u00e9cran a permis au plus grand nombre d&#8217;y assister. Ce premier conseil municipal permet l&#8217;\u00e9lection du maire et de ses adjoints ainsi [&hellip;]","og_url":"https:\/\/thiant.fr\/wordpress\/nouveau-conseil-municipal\/","og_site_name":"Ville de Thiant","article_published_time":"2026-03-23T13:53:50+00:00","article_modified_time":"2026-03-26T13:01:53+00:00","og_image":[{"width":800,"height":595,"url":"https:\/\/thiant.fr\/wordpress\/wp-content\/uploads\/2026\/03\/2026-03-22_Nouveau-Conseil-Municipal.png","type":"image\/png"}],"author":"Service communication","twitter_card":"summary_large_image","twitter_misc":{"\u00c9crit par":"Service communication","Dur\u00e9e de lecture estim\u00e9e":"4 minutes"},"schema":{"@context":"https:\/\/schema.org","@graph":[{"@type":"Article","@id":"https:\/\/thiant.fr\/wordpress\/nouveau-conseil-municipal\/#article","isPartOf":{"@id":"https:\/\/thiant.fr\/wordpress\/nouveau-conseil-municipal\/"},"author":{"name":"Service communication","@id":"https:\/\/thiant.fr\/wordpress\/#\/schema\/person\/f41122130d18c0720657431d990451c6"},"headline":"Nouveau Conseil Municipal","datePublished":"2026-03-23T13:53:50+00:00","dateModified":"2026-03-26T13:01:53+00:00","mainEntityOfPage":{"@id":"https:\/\/thiant.fr\/wordpress\/nouveau-conseil-municipal\/"},"wordCount":532,"publisher":{"@id":"https:\/\/thiant.fr\/wordpress\/#organization"},"image":{"@id":"https:\/\/thiant.fr\/wordpress\/nouveau-conseil-municipal\/#primaryimage"},"thumbnailUrl":"https:\/\/thiant.fr\/wordpress\/wp-content\/uploads\/2026\/03\/2026-03-22_Nouveau-Conseil-Municipal.png","keywords":["conseil municipal","\u00e9lections municipales","\u00e9lections municipales 2026","nouveau conseil municipal","thiant"],"articleSection":["Actualit\u00e9s municipales"],"inLanguage":"fr-FR"},{"@type":"WebPage","@id":"https:\/\/thiant.fr\/wordpress\/nouveau-conseil-municipal\/","url":"https:\/\/thiant.fr\/wordpress\/nouveau-conseil-municipal\/","name":"Nouveau Conseil Municipal - Ville de Thiant","isPartOf":{"@id":"https:\/\/thiant.fr\/wordpress\/#website"},"primaryImageOfPage":{"@id":"https:\/\/thiant.fr\/wordpress\/nouveau-conseil-municipal\/#primaryimage"},"image":{"@id":"https:\/\/thiant.fr\/wordpress\/nouveau-conseil-municipal\/#primaryimage"},"thumbnailUrl":"https:\/\/thiant.fr\/wordpress\/wp-content\/uploads\/2026\/03\/2026-03-22_Nouveau-Conseil-Municipal.png","datePublished":"2026-03-23T13:53:50+00:00","dateModified":"2026-03-26T13:01:53+00:00","breadcrumb":{"@id":"https:\/\/thiant.fr\/wordpress\/nouveau-conseil-municipal\/#breadcrumb"},"inLanguage":"fr-FR","potentialAction":[{"@type":"ReadAction","target":["https:\/\/thiant.fr\/wordpress\/nouveau-conseil-municipal\/"]}]},{"@type":"ImageObject","inLanguage":"fr-FR","@id":"https:\/\/thiant.fr\/wordpress\/nouveau-conseil-municipal\/#primaryimage","url":"https:\/\/thiant.fr\/wordpress\/wp-content\/uploads\/2026\/03\/2026-03-22_Nouveau-Conseil-Municipal.png","contentUrl":"https:\/\/thiant.fr\/wordpress\/wp-content\/uploads\/2026\/03\/2026-03-22_Nouveau-Conseil-Municipal.png","width":800,"height":595},{"@type":"BreadcrumbList","@id":"https:\/\/thiant.fr\/wordpress\/nouveau-conseil-municipal\/#breadcrumb","itemListElement":[{"@type":"ListItem","position":1,"name":"Accueil","item":"https:\/\/thiant.fr\/wordpress\/"},{"@type":"ListItem","position":2,"name":"Nouveau Conseil Municipal"}]},{"@type":"WebSite","@id":"https:\/\/thiant.fr\/wordpress\/#website","url":"https:\/\/thiant.fr\/wordpress\/","name":"Ville de Thiant","description":"Site officiel de la ville de Thiant","publisher":{"@id":"https:\/\/thiant.fr\/wordpress\/#organization"},"potentialAction":[{"@type":"SearchAction","target":{"@type":"EntryPoint","urlTemplate":"https:\/\/thiant.fr\/wordpress\/?s={search_term_string}"},"query-input":{"@type":"PropertyValueSpecification","valueRequired":true,"valueName":"search_term_string"}}],"inLanguage":"fr-FR"},{"@type":"Organization","@id":"https:\/\/thiant.fr\/wordpress\/#organization","name":"Ville de Thiant","url":"https:\/\/thiant.fr\/wordpress\/","logo":{"@type":"ImageObject","inLanguage":"fr-FR","@id":"https:\/\/thiant.fr\/wordpress\/#\/schema\/logo\/image\/","url":"https:\/\/thiant.fr\/wordpress\/wp-content\/uploads\/2019\/08\/Thiant_Illdy_4.png","contentUrl":"https:\/\/thiant.fr\/wordpress\/wp-content\/uploads\/2019\/08\/Thiant_Illdy_4.png","width":105,"height":75,"caption":"Ville de Thiant"},"image":{"@id":"https:\/\/thiant.fr\/wordpress\/#\/schema\/logo\/image\/"}},{"@type":"Person","@id":"https:\/\/thiant.fr\/wordpress\/#\/schema\/person\/f41122130d18c0720657431d990451c6","name":"Service communication","image":{"@type":"ImageObject","inLanguage":"fr-FR","@id":"https:\/\/secure.gravatar.com\/avatar\/527d4f1f1330a82db5a7ea7738ddeb994fd26c4537512a833d99b387808ee250?s=96&r=g","url":"https:\/\/secure.gravatar.com\/avatar\/527d4f1f1330a82db5a7ea7738ddeb994fd26c4537512a833d99b387808ee250?s=96&r=g","contentUrl":"https:\/\/secure.gravatar.com\/avatar\/527d4f1f1330a82db5a7ea7738ddeb994fd26c4537512a833d99b387808ee250?s=96&r=g","caption":"Service communication"},"url":"https:\/\/thiant.fr\/wordpress\/author\/adminwpress\/"}]}},"_links":{"self":[{"href":"https:\/\/thiant.fr\/wordpress\/wp-json\/wp\/v2\/posts\/7604","targetHints":{"allow":["GET"]}}],"collection":[{"href":"https:\/\/thiant.fr\/wordpress\/wp-json\/wp\/v2\/posts"}],"about":[{"href":"https:\/\/thiant.fr\/wordpress\/wp-json\/wp\/v2\/types\/post"}],"author":[{"embeddable":true,"href":"https:\/\/thiant.fr\/wordpress\/wp-json\/wp\/v2\/users\/1"}],"replies":[{"embeddable":true,"href":"https:\/\/thiant.fr\/wordpress\/wp-json\/wp\/v2\/comments?post=7604"}],"version-history":[{"count":30,"href":"https:\/\/thiant.fr\/wordpress\/wp-json\/wp\/v2\/posts\/7604\/revisions"}],"predecessor-version":[{"id":7676,"href":"https:\/\/thiant.fr\/wordpress\/wp-json\/wp\/v2\/posts\/7604\/revisions\/7676"}],"wp:featuredmedia":[{"embeddable":true,"href":"https:\/\/thiant.fr\/wordpress\/wp-json\/wp\/v2\/media\/7605"}],"wp:attachment":[{"href":"https:\/\/thiant.fr\/wordpress\/wp-json\/wp\/v2\/media?parent=7604"}],"wp:term":[{"taxonomy":"category","embeddable":true,"href":"https:\/\/thiant.fr\/wordpress\/wp-json\/wp\/v2\/categories?post=7604"},{"taxonomy":"post_tag","embeddable":true,"href":"https:\/\/thiant.fr\/wordpress\/wp-json\/wp\/v2\/tags?post=7604"}],"curies":[{"name":"wp","href":"https:\/\/api.w.org\/{rel}","templated":true}]}}