{"id":997,"date":"2020-02-20T17:17:54","date_gmt":"2020-02-20T16:17:54","guid":{"rendered":"https:\/\/thiant.fr\/wordpress\/?p=997"},"modified":"2020-03-02T16:40:53","modified_gmt":"2020-03-02T15:40:53","slug":"nouveau-coronavirus-2019-n-cov","status":"publish","type":"post","link":"https:\/\/thiant.fr\/wordpress\/nouveau-coronavirus-2019-n-cov\/","title":{"rendered":"Nouveau coronavirus (2019 n-CoV ou COVID-19)"},"content":{"rendered":"\t\t<div data-elementor-type=\"wp-post\" data-elementor-id=\"997\" class=\"elementor elementor-997\">\n\t\t\t\t\t\t<section class=\"elementor-section elementor-top-section elementor-element elementor-element-08e9940 elementor-section-boxed elementor-section-height-default elementor-section-height-default\" data-id=\"08e9940\" data-element_type=\"section\" data-e-type=\"section\">\n\t\t\t\t\t\t<div class=\"elementor-container elementor-column-gap-default\">\n\t\t\t\t\t<div class=\"elementor-column elementor-col-100 elementor-top-column elementor-element elementor-element-2347fcd\" data-id=\"2347fcd\" data-element_type=\"column\" data-e-type=\"column\">\n\t\t\t<div class=\"elementor-widget-wrap elementor-element-populated\">\n\t\t\t\t\t\t<section class=\"elementor-section elementor-inner-section elementor-element elementor-element-0237002 elementor-section-content-middle elementor-section-boxed elementor-section-height-default elementor-section-height-default\" data-id=\"0237002\" data-element_type=\"section\" data-e-type=\"section\">\n\t\t\t\t\t\t<div class=\"elementor-container elementor-column-gap-narrow\">\n\t\t\t\t\t<div class=\"elementor-column elementor-col-50 elementor-inner-column elementor-element elementor-element-ce74c10\" data-id=\"ce74c10\" data-element_type=\"column\" data-e-type=\"column\">\n\t\t\t<div class=\"elementor-widget-wrap elementor-element-populated\">\n\t\t\t\t\t\t<div class=\"elementor-element elementor-element-d3a213a elementor-widget elementor-widget-image\" data-id=\"d3a213a\" data-element_type=\"widget\" data-e-type=\"widget\" data-widget_type=\"image.default\">\n\t\t\t\t<div class=\"elementor-widget-container\">\n\t\t\t\t\t\t\t\t\t\t\t\t\t\t\t<img fetchpriority=\"high\" decoding=\"async\" width=\"374\" height=\"227\" src=\"https:\/\/thiant.fr\/wordpress\/wp-content\/uploads\/2020\/02\/Logo-ARS-HdF-RVB.jpg\" class=\"attachment-large size-large wp-image-999\" alt=\"\" srcset=\"https:\/\/thiant.fr\/wordpress\/wp-content\/uploads\/2020\/02\/Logo-ARS-HdF-RVB.jpg 374w, https:\/\/thiant.fr\/wordpress\/wp-content\/uploads\/2020\/02\/Logo-ARS-HdF-RVB-300x182.jpg 300w\" sizes=\"(max-width: 374px) 100vw, 374px\" \/>\t\t\t\t\t\t\t\t\t\t\t\t\t\t\t<\/div>\n\t\t\t\t<\/div>\n\t\t\t\t\t<\/div>\n\t\t<\/div>\n\t\t\t\t<div class=\"elementor-column elementor-col-50 elementor-inner-column elementor-element elementor-element-159e2c7\" data-id=\"159e2c7\" data-element_type=\"column\" data-e-type=\"column\">\n\t\t\t<div class=\"elementor-widget-wrap elementor-element-populated\">\n\t\t\t\t\t\t<div class=\"elementor-element elementor-element-a4998d2 elementor-widget elementor-widget-text-editor\" data-id=\"a4998d2\" data-element_type=\"widget\" data-e-type=\"widget\" data-widget_type=\"text-editor.default\">\n\t\t\t\t<div class=\"elementor-widget-container\">\n\t\t\t\t\t\t\t\t\t<h4 style=\"text-align: center;\"><span style=\"color: #003366;\">L&#8217;ARS des Hauts de France vous informe sur le nouveau coronavirus (2019 n-CoV ou COVID-19)<\/span><\/h4>\t\t\t\t\t\t\t\t<\/div>\n\t\t\t\t<\/div>\n\t\t\t\t\t<\/div>\n\t\t<\/div>\n\t\t\t\t\t<\/div>\n\t\t<\/section>\n\t\t\t\t\t<\/div>\n\t\t<\/div>\n\t\t\t\t\t<\/div>\n\t\t<\/section>\n\t\t\t\t<section class=\"elementor-section elementor-top-section elementor-element elementor-element-492b5d4 elementor-section-boxed elementor-section-height-default elementor-section-height-default\" data-id=\"492b5d4\" data-element_type=\"section\" data-e-type=\"section\">\n\t\t\t\t\t\t<div class=\"elementor-container elementor-column-gap-default\">\n\t\t\t\t\t<div class=\"elementor-column elementor-col-100 elementor-top-column elementor-element elementor-element-fe1a504\" data-id=\"fe1a504\" data-element_type=\"column\" data-e-type=\"column\">\n\t\t\t<div class=\"elementor-widget-wrap elementor-element-populated\">\n\t\t\t\t\t\t<div class=\"elementor-element elementor-element-10c916f elementor-widget elementor-widget-text-editor\" data-id=\"10c916f\" data-element_type=\"widget\" data-e-type=\"widget\" data-widget_type=\"text-editor.default\">\n\t\t\t\t<div class=\"elementor-widget-container\">\n\t\t\t\t\t\t\t\t\t<h6><span style=\"color: #008000;\">Informations mises \u00e0 jour le 02\/03\/2020<\/span><\/h6>\t\t\t\t\t\t\t\t<\/div>\n\t\t\t\t<\/div>\n\t\t\t\t\t<\/div>\n\t\t<\/div>\n\t\t\t\t\t<\/div>\n\t\t<\/section>\n\t\t\t\t<section class=\"elementor-section elementor-top-section elementor-element elementor-element-cfabce8 elementor-section-boxed elementor-section-height-default elementor-section-height-default\" data-id=\"cfabce8\" data-element_type=\"section\" data-e-type=\"section\">\n\t\t\t\t\t\t<div class=\"elementor-container elementor-column-gap-default\">\n\t\t\t\t\t<div class=\"elementor-column elementor-col-100 elementor-top-column elementor-element elementor-element-46da256\" data-id=\"46da256\" data-element_type=\"column\" data-e-type=\"column\">\n\t\t\t<div class=\"elementor-widget-wrap elementor-element-populated\">\n\t\t\t\t\t\t<div class=\"elementor-element elementor-element-bfa7b08 elementor-widget elementor-widget-text-editor\" data-id=\"bfa7b08\" data-element_type=\"widget\" data-e-type=\"widget\" data-widget_type=\"text-editor.default\">\n\t\t\t\t<div class=\"elementor-widget-container\">\n\t\t\t\t\t\t\t\t\t<h3 style=\"text-align: center;\"><span style=\"color: #ff0000;\">Passage du stade 1 au stade 2<\/span><\/h3><p><span style=\"color: #333333;\">Le stade 1 avait pour objet de freiner l\u2019introduction du virus sur le territoire national, le stade 2, d\u00e9clench\u00e9 par l\u2019identification de zones (\u00ab clusters \u00bb) de circulation du virus sur le territoire national, a pour objet de freiner la propagation du virus en France, le stade 3, caract\u00e9ris\u00e9 par la circulation du virus sur l\u2019ensemble du territoire (\u00e9pid\u00e9mie d\u00e9clar\u00e9e), aura pour objet de g\u00e9rer dans les meilleures conditions les cons\u00e9quences de l\u2019\u00e9pid\u00e9mie. Toutes les mesures adopt\u00e9es ce jour ont vocation \u00e0 \u00eatre r\u00e9\u00e9valu\u00e9es en fonction de l\u2019\u00e9volution de la situation.<\/span><\/p>\t\t\t\t\t\t\t\t<\/div>\n\t\t\t\t<\/div>\n\t\t\t\t\t<\/div>\n\t\t<\/div>\n\t\t\t\t\t<\/div>\n\t\t<\/section>\n\t\t\t\t<section class=\"elementor-section elementor-top-section elementor-element elementor-element-3e895da elementor-section-boxed elementor-section-height-default elementor-section-height-default\" data-id=\"3e895da\" data-element_type=\"section\" data-e-type=\"section\">\n\t\t\t\t\t\t<div class=\"elementor-container elementor-column-gap-default\">\n\t\t\t\t\t<div class=\"elementor-column elementor-col-100 elementor-top-column elementor-element elementor-element-b05e04e\" data-id=\"b05e04e\" data-element_type=\"column\" data-e-type=\"column\">\n\t\t\t<div class=\"elementor-widget-wrap elementor-element-populated\">\n\t\t\t\t\t\t<div class=\"elementor-element elementor-element-37e2e5a elementor-widget elementor-widget-text-editor\" data-id=\"37e2e5a\" data-element_type=\"widget\" data-e-type=\"widget\" data-widget_type=\"text-editor.default\">\n\t\t\t\t<div class=\"elementor-widget-container\">\n\t\t\t\t\t\t\t\t\t<h4 style=\"text-align: center;\"><span style=\"color: #003366;\">Informations voyageurs<\/span><\/h4><h6 style=\"text-align: center;\"><span style=\"color: #ff0000;\">Vous avez s\u00e9journ\u00e9 en Chine, \u00e0 Singapour, en Cor\u00e9e du Sud, en Italie (Lombardie, V\u00e9n\u00e9tie, \u00c9milie-Romagne) ou en Iran au cours des 14 derniers jours<\/span><\/h6><p><strong><span style=\"color: #ff0000;\">Zone rouge : Province de Hubei (CHINE)<\/span><\/strong><\/p><p><strong><span style=\"color: #ff6600;\">Zone Orange : Reste de la Chine, Hong-Kong, Macao, Singapour, Cor\u00e9e du Sud, Italie (Lombardie, V\u00e9n\u00e9tie, \u00c9milie-Romagne) et Iran<\/span><\/strong><\/p><p><span style=\"color: #333333;\">&#8211; Abandon de la r\u00e8gle du maintien en quatorzaine pour les personnes revenant des zones oranges (maintien en revanche pour les retours de zone rouge). Les personnes revenant des zones oranges sont invit\u00e9es \u00e0 ralentir leur vie sociale et \u00e0 s\u2019auto-surveiller (prise temp\u00e9rature deux fois par jour). Cette nouvelle mesure entra\u00eene la lev\u00e9e des mesures de quatorzaine qui \u00e9taient en cours.<\/span><br \/><span style=\"color: #333333;\">&#8211; \u00c9viter les voyages hors de l\u2019Union europ\u00e9enne ou dans les zones \u00e0 risques en Europe (identifi\u00e9es sur le site du <a href=\"https:\/\/www.diplomatie.gouv.fr\/fr\/le-ministere-et-son-reseau\/actualites-du-ministere\/informations-coronavirus-covid-19\/\" target=\"_blank\" rel=\"noopener\">MEAE<\/a>), sauf n\u00e9cessit\u00e9 av\u00e9r\u00e9e.<\/span><\/p><p><span style=\"text-decoration: underline;\"><strong><span style=\"color: #333333; text-decoration: underline;\">Consignes relatives aux \u00ab clusters \u00bb (zones de circulation active du virus)<\/span><\/strong><\/span><br \/><span style=\"color: #333333;\">Les mesures applicables jusqu\u2019\u00e0 nouvel ordre au sein des clusters identifi\u00e9s par les ARS sont :<\/span><br \/><span style=\"color: #333333;\">&#8211; annulation de tous les \u00e9v\u00e8nements publics ;<\/span><br \/><span style=\"color: #333333;\">&#8211; fermeture d\u00e8s lundi 2 mars des \u00e9tablissements scolaires particuli\u00e8rement touch\u00e9s, associ\u00e9e \u00e0 une d\u00e9marche d\u2019\u00e9valuation \u00e9pid\u00e9miologique permettant d\u2019identifier qui tester et de recalibrer si n\u00e9cessaire les mesures de fermeture dans les jours \u00e0 venir ;<\/span><br \/><span style=\"color: #333333;\">&#8211; incitation aux habitants \u00e0 recourir au t\u00e9l\u00e9travail et \u00e0 \u00e9viter de circuler hors de la zone (et en tout cas de rejoindre des rassemblements publics hors de la zone) ;<\/span><\/p><p><span style=\"color: #333333;\">A ce stade, deux clusters sont identifi\u00e9s par les ARS :<\/span><br \/><span style=\"color: #333333;\">&#8211; un cluster dans l\u2019Oise (communes particuli\u00e8rement concern\u00e9es : Creil, Cr\u00e9py-en-Valois, Vaumoise, Lamorlaye, Lagny-le-sec). La mesure relative aux annulations d\u2019\u00e9v\u00e8nements publics s\u2019applique sur l\u2019ensemble du d\u00e9partement de l\u2019Oise, les autres mesures s\u2019appliquent dans les 5 communes particuli\u00e8rement concern\u00e9es.<\/span><br \/><span style=\"color: #333333;\">&#8211; un cluster \u00e0 La Balme en Haute-Savoie.<\/span><\/p><p><span style=\"text-decoration: underline;\"><strong><span style=\"color: #333333; text-decoration: underline;\">Consignes relatives aux masques<\/span><\/strong><\/span><br \/><span style=\"color: #333333;\">&#8211; le port des masques filtrants FFP2 est r\u00e9serv\u00e9 aux seuls personnels soignants pratiquant des soins hospitaliers invasifs (soins intensifs) ;<\/span><br \/><span style=\"color: #333333;\">&#8211; le port des masques chirurgicaux (anti-projections) est r\u00e9serv\u00e9 aux personnes malades, aux praticiens de sant\u00e9 recevant des malades, aux personnes charg\u00e9es du secours \u00e0 victimes et des transports sanitaires ;<\/span><br \/><span style=\"color: #333333;\">&#8211; le reste de la population ne doit pas porter de masque. Les officines ont \u00e9t\u00e9 invit\u00e9es \u00e0 ne pas diffuser de masques en dehors des cas mentionn\u00e9s plus haut.<\/span><\/p><p><span style=\"text-decoration: underline;\"><strong><span style=\"color: #333333; text-decoration: underline;\">Consignes relatives aux \u00e9v\u00e8nements et rassemblements publics<\/span><\/strong><\/span><br \/><span style=\"color: #333333;\">&#8211; Annulation de tout \u00e9v\u00e8nement public dans les clusters (cf ci-dessus) ;<\/span><br \/><span style=\"color: #333333;\">&#8211; Annulation de tout \u00e9v\u00e8nement public rassemblant plus de 5000 personnes dans un espace confin\u00e9 ;<\/span><br \/><span style=\"color: #333333;\">&#8211; D\u00e9cision d\u2019annulation au cas par cas par les pr\u00e9fets en lien avec les maires pour les \u00e9v\u00e8nements, y compris en milieu ouvert, rassemblant des populations issues de zones concern\u00e9es par la circulation du virus et de zones non encore infect\u00e9es.<\/span><br \/><span style=\"color: #333333;\">Centralisation \u00e0 Paris (minist\u00e8re de l\u2019int\u00e9rieur) pour tout \u00e9v\u00e8nement r\u00e9unissant plus de 40 000 participants.<\/span><\/p><p><span style=\"text-decoration: underline;\"><strong><span style=\"color: #333333; text-decoration: underline;\">Consignes grand public <\/span><\/strong><\/span><br \/><span style=\"color: #333333;\">&#8211; Lavage r\u00e9gulier des mains<\/span><br \/><span style=\"color: #333333;\">&#8211; On tousse et on \u00e9ternue dans son coude<\/span><br \/><span style=\"color: #333333;\">&#8211; On utilise des mouchoirs \u00e0 usage unique<\/span><br \/><span style=\"color: #333333;\">&#8211; On ne se sert plus la main<\/span><br \/><span style=\"color: #333333;\">&#8211; On appelle le 15 si sympt\u00f4mes<\/span><br \/><span style=\"color: #333333;\">&#8211; On reste chez soi si on est malade<\/span><br \/><span style=\"color: #333333;\">&#8211; On ne porte pas de masque si on n\u2019est pas malade<\/span><\/p><p style=\"text-align: center;\">&#8212;&#8212;&#8212;&#8212;&#8212;&#8212;&#8212;&#8212;&#8212;&#8212;&#8212;&#8212;&#8212;&#8212;-<\/p><p style=\"padding-left: 40px;\"><span style=\"color: #333333;\">Un nouveau coronavirus \u00e0 l\u2019origine d\u2019infections pulmonaires a \u00e9t\u00e9 d\u00e9tect\u00e9 en Chine fin d\u00e9cembre 2019. D\u2019apr\u00e8s les connaissances scientifiques, celui-ci se transmet par des gouttelettes \u00e9mises par une personne infect\u00e9e, en particulier lors de contacts \u00e9troits.<\/span><br \/><span style=\"color: #000080;\"><strong>Vous revenez d\u2019une zone de forte circulation du virus avec des transmissions entre personnes, c\u2019est pourquoi il est important de v\u00e9rifier durant les 14 jours apr\u00e8s votre retour que vous n\u2019avez pas \u00e9t\u00e9 contamin\u00e9 et d\u2019\u00e9viter tout contact ext\u00e9rieur pendant cette p\u00e9riode pour ne pas risquer de propager la maladie.<\/strong><\/span><br \/><span style=\"color: #333333;\">Vous serez contact\u00e9s par la cellule r\u00e9gionale de suivi de votre agence r\u00e9gionale de sant\u00e9 (ARS). Des professionnels de sant\u00e9 vous appelleront par t\u00e9l\u00e9phone pour organiser ce suivi pendant 14 jours.<\/span><\/p><h6><span style=\"color: #000080;\">POURQUOI DEVEZ-VOUS VOUS SURVEILLER PENDANT 14 JOURS ?<\/span><\/h6><p style=\"padding-left: 40px;\"><span style=\"color: #333333;\">Les sympt\u00f4mes de la maladie peuvent appara\u00eetre jusqu\u2019\u00e0 14 jours apr\u00e8s un contact avec une personne malade et se manifestent le plus souvent par de la fi\u00e8vre ou une sensation de fi\u00e8vre, de la toux ou des difficult\u00e9s \u00e0 respirer.<\/span><br \/><span style=\"color: #333333;\">Si vous n\u2019avez aucun sympt\u00f4me apr\u00e8s 14 jours, vous n\u2019avez pas \u00e9t\u00e9 contamin\u00e9 par le coronavirus.<\/span><br \/><span style=\"color: #333333;\">En cas de sympt\u00f4mes au cours des 14 jours de suivi, un test de diagnostic sera effectu\u00e9 si l\u2019\u00e9valuation m\u00e9dicale d\u00e9termine que vous avez pu \u00eatre contamin\u00e9 par le coronavirus. Si le r\u00e9sultat du test est positif, vous b\u00e9n\u00e9ficierez de soins en milieu hospitalier afin d\u2019\u00e9viter la contamination de votre entourage.<\/span><\/p><p><span style=\"color: #000000;\"><strong>Pendant 14 jours apr\u00e8s votre retour :<\/strong><\/span><\/p><ul><li><span style=\"color: #003366;\"><strong>Restez strictement \u00e0 domicile<\/strong><\/span><\/li><li><span style=\"color: #333333;\">R\u00e9duisez les contacts au sein de votre domicile et portez syst\u00e9matiquement un masque chirurgical lorsque vous \u00eates en contact avec une autre personne<\/span><\/li><li><span style=\"color: #333333;\">\u00c9vitez tout contact avec les personnes fragiles (femmes enceintes, malades chroniques, personnes \u00e2g\u00e9es&#8230;)<\/span><\/li><li><span style=\"color: #333333;\">Lavez-vous les mains r\u00e9guli\u00e8rement (ou utilisez une solution hydro-alcoolique) et veillez \u00e0 ce que vos enfants le fassent \u00e9galement<\/span><\/li><li><span style=\"color: #333333;\">Surveillez votre temp\u00e9rature et celle de vos enfants 2 fois par jour (matin et soir) \u00e0 l&#8217;aide d&#8217;un thermom\u00e8tre. Notez la date, l&#8217;heure de mesure et la temp\u00e9rature sur le <a href=\"https:\/\/thiant.fr\/wordpress\/documents_ext\/COVID-19_Calendrier-de-suivi-medical.pdf\" target=\"_blank\" rel=\"noopener\">calendrier de suivi m\u00e9dical<\/a> du Minist\u00e8re des Solidarit\u00e9s et de la Sant\u00e9<\/span><\/li><li><span style=\"color: #333333;\">Surveillez l&#8217;apparition de sympt\u00f4mes d&#8217;infection respiratoire (toux, difficult\u00e9s \u00e0 respirer&#8230;)<\/span><\/li><\/ul><p><span style=\"color: #000000;\"><strong>Si vous devez sortir, portez un masque chirurgical :<\/strong><\/span><\/p><ul><li><span style=\"color: #333333;\">Travailleurs \/ \u00e9tudiants : dans la mesure du possible, privil\u00e9giez le t\u00e9l\u00e9travail et \u00e9vitez les contacts proches (r\u00e9unions, ascenseurs, cantine&#8230;)<\/span><\/li><li><span style=\"color: #333333;\">Les enfants ne doivent pas \u00eatre envoy\u00e9s \u00e0 la cr\u00e8che ou \u00e0 l&#8217;\u00e9cole, compte tenu de la difficult\u00e9 \u00e0 leur faire porter un masque toute la journ\u00e9e<\/span><\/li><\/ul><p><span style=\"color: #000000;\"><strong>En cas de fi\u00e8vre ou sensation de fi\u00e8vre, de toux, de difficult\u00e9s \u00e0 respirer, dans les 14 jours suivant votre retour :<\/strong><\/span><\/p><ul><li><span style=\"color: #333333;\">Contactez rapidement le<\/span> <a href=\"tel:+3315\">SAMU Centre 15<\/a> <span style=\"color: #333333;\">en signalant votre voyage<\/span><\/li><li><span style=\"color: #333333;\">\u00c9vitez tout contact avec votre entourage, conservez votre masque<\/span><\/li><li><span style=\"color: #333333;\">Ne vous rendez pas directement chez le m\u00e9decin, ni aux urgences de l&#8217;h\u00f4pital<\/span><\/li><\/ul><p style=\"text-align: center;\"><strong><span style=\"color: #ff0000;\">Votre coop\u00e9ration est essentielle quant au maintien \u00e0 domicile et au suivi<\/span><\/strong><br \/><strong><span style=\"color: #ff0000;\">des recommandations et pour signaler tout sympt\u00f4me d\u00e8s son apparition<\/span><\/strong><br \/><strong><span style=\"color: #ff0000;\">pour \u00e9viter la contamination de votre entourage.<\/span><\/strong><br \/><strong><span style=\"color: #ff0000;\">L\u2019agence r\u00e9gionale de sant\u00e9 pourra vous prescrire un arr\u00eat de travail vous<\/span><\/strong><br \/><strong><span style=\"color: #ff0000;\">permettant de r\u00e9gulariser votre situation aupr\u00e8s de votre employeur et<\/span><\/strong><br \/><strong><span style=\"color: #ff0000;\">de b\u00e9n\u00e9ficier d\u2019indemnit\u00e9s journali\u00e8res maladie.<\/span><\/strong><\/p><p><span style=\"color: #000000;\"><strong>Pour toute question non m\u00e9dicale :<\/strong><\/span><\/p><ul><li><span style=\"color: #333333;\">Plateforme num\u00e9ro vert :<\/span> <a href=\"tel:+33800130000\">0800 130 000<\/a> <span style=\"color: #333333;\">(en fran\u00e7ais, ouvert 7j\/7 de 9h \u00e0 19h, appel gratuit)<\/span><\/li><li><span style=\"color: #333333;\">Questions-r\u00e9ponses en ligne :<\/span> <a href=\"https:\/\/www.gouvernement.fr\/info-coronavirus\" target=\"blank\">https:\/\/www.gouvernement.fr\/info-coronavirus<\/a><\/li><\/ul>\t\t\t\t\t\t\t\t<\/div>\n\t\t\t\t<\/div>\n\t\t\t\t\t<\/div>\n\t\t<\/div>\n\t\t\t\t\t<\/div>\n\t\t<\/section>\n\t\t\t\t<\/div>\n\t\t","protected":false},"excerpt":{"rendered":"<p>L&#8217;ARS des Hauts de France vous informe sur le nouveau coronavirus (2019 n-CoV ou COVID-19) Informations mises \u00e0 jour le 02\/03\/2020 Passage du stade 1 au stade 2 Le stade 1 avait pour objet de freiner l\u2019introduction du virus sur le territoire national, le stade 2, d\u00e9clench\u00e9 par l\u2019identification de zones (\u00ab clusters \u00bb) de [&hellip;]<\/p>\n","protected":false},"author":1,"featured_media":1004,"comment_status":"closed","ping_status":"closed","sticky":false,"template":"","format":"standard","meta":{"_crdt_document":"","ocean_post_layout":"","ocean_both_sidebars_style":"","ocean_both_sidebars_content_width":0,"ocean_both_sidebars_sidebars_width":0,"ocean_sidebar":"","ocean_second_sidebar":"","ocean_disable_margins":"enable","ocean_add_body_class":"","ocean_shortcode_before_top_bar":"","ocean_shortcode_after_top_bar":"","ocean_shortcode_before_header":"","ocean_shortcode_after_header":"","ocean_has_shortcode":"","ocean_shortcode_after_title":"","ocean_shortcode_before_footer_widgets":"","ocean_shortcode_after_footer_widgets":"","ocean_shortcode_before_footer_bottom":"","ocean_shortcode_after_footer_bottom":"","ocean_display_top_bar":"default","ocean_display_header":"default","ocean_header_style":"","ocean_center_header_left_menu":"","ocean_custom_header_template":"","ocean_custom_logo":0,"ocean_custom_retina_logo":0,"ocean_custom_logo_max_width":0,"ocean_custom_logo_tablet_max_width":0,"ocean_custom_logo_mobile_max_width":0,"ocean_custom_logo_max_height":0,"ocean_custom_logo_tablet_max_height":0,"ocean_custom_logo_mobile_max_height":0,"ocean_header_custom_menu":"","ocean_menu_typo_font_family":"","ocean_menu_typo_font_subset":"","ocean_menu_typo_font_size":0,"ocean_menu_typo_font_size_tablet":0,"ocean_menu_typo_font_size_mobile":0,"ocean_menu_typo_font_size_unit":"px","ocean_menu_typo_font_weight":"","ocean_menu_typo_font_weight_tablet":"","ocean_menu_typo_font_weight_mobile":"","ocean_menu_typo_transform":"","ocean_menu_typo_transform_tablet":"","ocean_menu_typo_transform_mobile":"","ocean_menu_typo_line_height":0,"ocean_menu_typo_line_height_tablet":0,"ocean_menu_typo_line_height_mobile":0,"ocean_menu_typo_line_height_unit":"","ocean_menu_typo_spacing":0,"ocean_menu_typo_spacing_tablet":0,"ocean_menu_typo_spacing_mobile":0,"ocean_menu_typo_spacing_unit":"","ocean_menu_link_color":"","ocean_menu_link_color_hover":"","ocean_menu_link_color_active":"","ocean_menu_link_background":"","ocean_menu_link_hover_background":"","ocean_menu_link_active_background":"","ocean_menu_social_links_bg":"","ocean_menu_social_hover_links_bg":"","ocean_menu_social_links_color":"","ocean_menu_social_hover_links_color":"","ocean_disable_title":"default","ocean_disable_heading":"default","ocean_post_title":"","ocean_post_subheading":"","ocean_post_title_style":"","ocean_post_title_background_color":"","ocean_post_title_background":0,"ocean_post_title_bg_image_position":"","ocean_post_title_bg_image_attachment":"","ocean_post_title_bg_image_repeat":"","ocean_post_title_bg_image_size":"","ocean_post_title_height":0,"ocean_post_title_bg_overlay":0.5,"ocean_post_title_bg_overlay_color":"","ocean_disable_breadcrumbs":"default","ocean_breadcrumbs_color":"","ocean_breadcrumbs_separator_color":"","ocean_breadcrumbs_links_color":"","ocean_breadcrumbs_links_hover_color":"","ocean_display_footer_widgets":"default","ocean_display_footer_bottom":"default","ocean_custom_footer_template":"","ocean_post_oembed":"","ocean_post_self_hosted_media":"","ocean_post_video_embed":"","ocean_link_format":"","ocean_link_format_target":"self","ocean_quote_format":"","ocean_quote_format_link":"post","ocean_gallery_link_images":"on","ocean_gallery_id":[],"footnotes":""},"categories":[271,1],"tags":[189,192,188,190,191],"class_list":["post-997","post","type-post","status-publish","format-standard","has-post-thumbnail","hentry","category-covid-19","category-non-classe","tag-ars","tag-chine","tag-coronavirus","tag-informations","tag-voyageurs","entry","has-media"],"yoast_head":"<!-- This site is optimized with the Yoast SEO plugin v27.3 - https:\/\/yoast.com\/product\/yoast-seo-wordpress\/ -->\n<title>Nouveau coronavirus (2019 n-CoV ou COVID-19) - Ville de Thiant<\/title>\n<meta name=\"robots\" content=\"index, follow, max-snippet:-1, max-image-preview:large, max-video-preview:-1\" \/>\n<link rel=\"canonical\" href=\"https:\/\/thiant.fr\/wordpress\/nouveau-coronavirus-2019-n-cov\/\" \/>\n<meta property=\"og:locale\" content=\"fr_FR\" \/>\n<meta property=\"og:type\" content=\"article\" \/>\n<meta property=\"og:title\" content=\"Nouveau coronavirus (2019 n-CoV ou COVID-19) - Ville de Thiant\" \/>\n<meta property=\"og:description\" content=\"L&#8217;ARS des Hauts de France vous informe sur le nouveau coronavirus (2019 n-CoV ou COVID-19) Informations mises \u00e0 jour le 02\/03\/2020 Passage du stade 1 au stade 2 Le stade 1 avait pour objet de freiner l\u2019introduction du virus sur le territoire national, le stade 2, d\u00e9clench\u00e9 par l\u2019identification de zones (\u00ab clusters \u00bb) de [&hellip;]\" \/>\n<meta property=\"og:url\" content=\"https:\/\/thiant.fr\/wordpress\/nouveau-coronavirus-2019-n-cov\/\" \/>\n<meta property=\"og:site_name\" content=\"Ville de Thiant\" \/>\n<meta property=\"article:published_time\" content=\"2020-02-20T16:17:54+00:00\" \/>\n<meta property=\"article:modified_time\" content=\"2020-03-02T15:40:53+00:00\" \/>\n<meta property=\"og:image\" content=\"https:\/\/thiant.fr\/wordpress\/wp-content\/uploads\/2020\/02\/famille_masque_antivirus.jpg\" \/>\n\t<meta property=\"og:image:width\" content=\"500\" \/>\n\t<meta property=\"og:image:height\" content=\"281\" \/>\n\t<meta property=\"og:image:type\" content=\"image\/jpeg\" \/>\n<meta name=\"author\" content=\"Service communication\" \/>\n<meta name=\"twitter:card\" content=\"summary_large_image\" \/>\n<meta name=\"twitter:label1\" content=\"\u00c9crit par\" \/>\n\t<meta name=\"twitter:data1\" content=\"Service communication\" \/>\n\t<meta name=\"twitter:label2\" content=\"Dur\u00e9e de lecture estim\u00e9e\" \/>\n\t<meta name=\"twitter:data2\" content=\"6 minutes\" \/>\n<script type=\"application\/ld+json\" class=\"yoast-schema-graph\">{\"@context\":\"https:\\\/\\\/schema.org\",\"@graph\":[{\"@type\":\"Article\",\"@id\":\"https:\\\/\\\/thiant.fr\\\/wordpress\\\/nouveau-coronavirus-2019-n-cov\\\/#article\",\"isPartOf\":{\"@id\":\"https:\\\/\\\/thiant.fr\\\/wordpress\\\/nouveau-coronavirus-2019-n-cov\\\/\"},\"author\":{\"name\":\"Service communication\",\"@id\":\"https:\\\/\\\/thiant.fr\\\/wordpress\\\/#\\\/schema\\\/person\\\/f41122130d18c0720657431d990451c6\"},\"headline\":\"Nouveau coronavirus (2019 n-CoV ou COVID-19)\",\"datePublished\":\"2020-02-20T16:17:54+00:00\",\"dateModified\":\"2020-03-02T15:40:53+00:00\",\"mainEntityOfPage\":{\"@id\":\"https:\\\/\\\/thiant.fr\\\/wordpress\\\/nouveau-coronavirus-2019-n-cov\\\/\"},\"wordCount\":1303,\"publisher\":{\"@id\":\"https:\\\/\\\/thiant.fr\\\/wordpress\\\/#organization\"},\"image\":{\"@id\":\"https:\\\/\\\/thiant.fr\\\/wordpress\\\/nouveau-coronavirus-2019-n-cov\\\/#primaryimage\"},\"thumbnailUrl\":\"https:\\\/\\\/thiant.fr\\\/wordpress\\\/wp-content\\\/uploads\\\/2020\\\/02\\\/famille_masque_antivirus.jpg\",\"keywords\":[\"ARS\",\"Chine\",\"coronavirus\",\"informations\",\"voyageurs\"],\"articleSection\":[\"COVID-19\"],\"inLanguage\":\"fr-FR\"},{\"@type\":\"WebPage\",\"@id\":\"https:\\\/\\\/thiant.fr\\\/wordpress\\\/nouveau-coronavirus-2019-n-cov\\\/\",\"url\":\"https:\\\/\\\/thiant.fr\\\/wordpress\\\/nouveau-coronavirus-2019-n-cov\\\/\",\"name\":\"Nouveau coronavirus (2019 n-CoV ou COVID-19) - Ville de Thiant\",\"isPartOf\":{\"@id\":\"https:\\\/\\\/thiant.fr\\\/wordpress\\\/#website\"},\"primaryImageOfPage\":{\"@id\":\"https:\\\/\\\/thiant.fr\\\/wordpress\\\/nouveau-coronavirus-2019-n-cov\\\/#primaryimage\"},\"image\":{\"@id\":\"https:\\\/\\\/thiant.fr\\\/wordpress\\\/nouveau-coronavirus-2019-n-cov\\\/#primaryimage\"},\"thumbnailUrl\":\"https:\\\/\\\/thiant.fr\\\/wordpress\\\/wp-content\\\/uploads\\\/2020\\\/02\\\/famille_masque_antivirus.jpg\",\"datePublished\":\"2020-02-20T16:17:54+00:00\",\"dateModified\":\"2020-03-02T15:40:53+00:00\",\"breadcrumb\":{\"@id\":\"https:\\\/\\\/thiant.fr\\\/wordpress\\\/nouveau-coronavirus-2019-n-cov\\\/#breadcrumb\"},\"inLanguage\":\"fr-FR\",\"potentialAction\":[{\"@type\":\"ReadAction\",\"target\":[\"https:\\\/\\\/thiant.fr\\\/wordpress\\\/nouveau-coronavirus-2019-n-cov\\\/\"]}]},{\"@type\":\"ImageObject\",\"inLanguage\":\"fr-FR\",\"@id\":\"https:\\\/\\\/thiant.fr\\\/wordpress\\\/nouveau-coronavirus-2019-n-cov\\\/#primaryimage\",\"url\":\"https:\\\/\\\/thiant.fr\\\/wordpress\\\/wp-content\\\/uploads\\\/2020\\\/02\\\/famille_masque_antivirus.jpg\",\"contentUrl\":\"https:\\\/\\\/thiant.fr\\\/wordpress\\\/wp-content\\\/uploads\\\/2020\\\/02\\\/famille_masque_antivirus.jpg\",\"width\":500,\"height\":281},{\"@type\":\"BreadcrumbList\",\"@id\":\"https:\\\/\\\/thiant.fr\\\/wordpress\\\/nouveau-coronavirus-2019-n-cov\\\/#breadcrumb\",\"itemListElement\":[{\"@type\":\"ListItem\",\"position\":1,\"name\":\"Accueil\",\"item\":\"https:\\\/\\\/thiant.fr\\\/wordpress\\\/\"},{\"@type\":\"ListItem\",\"position\":2,\"name\":\"Nouveau coronavirus (2019 n-CoV ou COVID-19)\"}]},{\"@type\":\"WebSite\",\"@id\":\"https:\\\/\\\/thiant.fr\\\/wordpress\\\/#website\",\"url\":\"https:\\\/\\\/thiant.fr\\\/wordpress\\\/\",\"name\":\"Ville de Thiant\",\"description\":\"Site officiel de la ville de Thiant\",\"publisher\":{\"@id\":\"https:\\\/\\\/thiant.fr\\\/wordpress\\\/#organization\"},\"potentialAction\":[{\"@type\":\"SearchAction\",\"target\":{\"@type\":\"EntryPoint\",\"urlTemplate\":\"https:\\\/\\\/thiant.fr\\\/wordpress\\\/?s={search_term_string}\"},\"query-input\":{\"@type\":\"PropertyValueSpecification\",\"valueRequired\":true,\"valueName\":\"search_term_string\"}}],\"inLanguage\":\"fr-FR\"},{\"@type\":\"Organization\",\"@id\":\"https:\\\/\\\/thiant.fr\\\/wordpress\\\/#organization\",\"name\":\"Ville de Thiant\",\"url\":\"https:\\\/\\\/thiant.fr\\\/wordpress\\\/\",\"logo\":{\"@type\":\"ImageObject\",\"inLanguage\":\"fr-FR\",\"@id\":\"https:\\\/\\\/thiant.fr\\\/wordpress\\\/#\\\/schema\\\/logo\\\/image\\\/\",\"url\":\"https:\\\/\\\/thiant.fr\\\/wordpress\\\/wp-content\\\/uploads\\\/2019\\\/08\\\/Thiant_Illdy_4.png\",\"contentUrl\":\"https:\\\/\\\/thiant.fr\\\/wordpress\\\/wp-content\\\/uploads\\\/2019\\\/08\\\/Thiant_Illdy_4.png\",\"width\":105,\"height\":75,\"caption\":\"Ville de Thiant\"},\"image\":{\"@id\":\"https:\\\/\\\/thiant.fr\\\/wordpress\\\/#\\\/schema\\\/logo\\\/image\\\/\"}},{\"@type\":\"Person\",\"@id\":\"https:\\\/\\\/thiant.fr\\\/wordpress\\\/#\\\/schema\\\/person\\\/f41122130d18c0720657431d990451c6\",\"name\":\"Service communication\",\"image\":{\"@type\":\"ImageObject\",\"inLanguage\":\"fr-FR\",\"@id\":\"https:\\\/\\\/secure.gravatar.com\\\/avatar\\\/527d4f1f1330a82db5a7ea7738ddeb994fd26c4537512a833d99b387808ee250?s=96&r=g\",\"url\":\"https:\\\/\\\/secure.gravatar.com\\\/avatar\\\/527d4f1f1330a82db5a7ea7738ddeb994fd26c4537512a833d99b387808ee250?s=96&r=g\",\"contentUrl\":\"https:\\\/\\\/secure.gravatar.com\\\/avatar\\\/527d4f1f1330a82db5a7ea7738ddeb994fd26c4537512a833d99b387808ee250?s=96&r=g\",\"caption\":\"Service communication\"},\"url\":\"https:\\\/\\\/thiant.fr\\\/wordpress\\\/author\\\/adminwpress\\\/\"}]}<\/script>\n<!-- \/ Yoast SEO plugin. -->","yoast_head_json":{"title":"Nouveau coronavirus (2019 n-CoV ou COVID-19) - Ville de Thiant","robots":{"index":"index","follow":"follow","max-snippet":"max-snippet:-1","max-image-preview":"max-image-preview:large","max-video-preview":"max-video-preview:-1"},"canonical":"https:\/\/thiant.fr\/wordpress\/nouveau-coronavirus-2019-n-cov\/","og_locale":"fr_FR","og_type":"article","og_title":"Nouveau coronavirus (2019 n-CoV ou COVID-19) - Ville de Thiant","og_description":"L&#8217;ARS des Hauts de France vous informe sur le nouveau coronavirus (2019 n-CoV ou COVID-19) Informations mises \u00e0 jour le 02\/03\/2020 Passage du stade 1 au stade 2 Le stade 1 avait pour objet de freiner l\u2019introduction du virus sur le territoire national, le stade 2, d\u00e9clench\u00e9 par l\u2019identification de zones (\u00ab clusters \u00bb) de [&hellip;]","og_url":"https:\/\/thiant.fr\/wordpress\/nouveau-coronavirus-2019-n-cov\/","og_site_name":"Ville de Thiant","article_published_time":"2020-02-20T16:17:54+00:00","article_modified_time":"2020-03-02T15:40:53+00:00","og_image":[{"width":500,"height":281,"url":"https:\/\/thiant.fr\/wordpress\/wp-content\/uploads\/2020\/02\/famille_masque_antivirus.jpg","type":"image\/jpeg"}],"author":"Service communication","twitter_card":"summary_large_image","twitter_misc":{"\u00c9crit par":"Service communication","Dur\u00e9e de lecture estim\u00e9e":"6 minutes"},"schema":{"@context":"https:\/\/schema.org","@graph":[{"@type":"Article","@id":"https:\/\/thiant.fr\/wordpress\/nouveau-coronavirus-2019-n-cov\/#article","isPartOf":{"@id":"https:\/\/thiant.fr\/wordpress\/nouveau-coronavirus-2019-n-cov\/"},"author":{"name":"Service communication","@id":"https:\/\/thiant.fr\/wordpress\/#\/schema\/person\/f41122130d18c0720657431d990451c6"},"headline":"Nouveau coronavirus (2019 n-CoV ou COVID-19)","datePublished":"2020-02-20T16:17:54+00:00","dateModified":"2020-03-02T15:40:53+00:00","mainEntityOfPage":{"@id":"https:\/\/thiant.fr\/wordpress\/nouveau-coronavirus-2019-n-cov\/"},"wordCount":1303,"publisher":{"@id":"https:\/\/thiant.fr\/wordpress\/#organization"},"image":{"@id":"https:\/\/thiant.fr\/wordpress\/nouveau-coronavirus-2019-n-cov\/#primaryimage"},"thumbnailUrl":"https:\/\/thiant.fr\/wordpress\/wp-content\/uploads\/2020\/02\/famille_masque_antivirus.jpg","keywords":["ARS","Chine","coronavirus","informations","voyageurs"],"articleSection":["COVID-19"],"inLanguage":"fr-FR"},{"@type":"WebPage","@id":"https:\/\/thiant.fr\/wordpress\/nouveau-coronavirus-2019-n-cov\/","url":"https:\/\/thiant.fr\/wordpress\/nouveau-coronavirus-2019-n-cov\/","name":"Nouveau coronavirus (2019 n-CoV ou COVID-19) - Ville de Thiant","isPartOf":{"@id":"https:\/\/thiant.fr\/wordpress\/#website"},"primaryImageOfPage":{"@id":"https:\/\/thiant.fr\/wordpress\/nouveau-coronavirus-2019-n-cov\/#primaryimage"},"image":{"@id":"https:\/\/thiant.fr\/wordpress\/nouveau-coronavirus-2019-n-cov\/#primaryimage"},"thumbnailUrl":"https:\/\/thiant.fr\/wordpress\/wp-content\/uploads\/2020\/02\/famille_masque_antivirus.jpg","datePublished":"2020-02-20T16:17:54+00:00","dateModified":"2020-03-02T15:40:53+00:00","breadcrumb":{"@id":"https:\/\/thiant.fr\/wordpress\/nouveau-coronavirus-2019-n-cov\/#breadcrumb"},"inLanguage":"fr-FR","potentialAction":[{"@type":"ReadAction","target":["https:\/\/thiant.fr\/wordpress\/nouveau-coronavirus-2019-n-cov\/"]}]},{"@type":"ImageObject","inLanguage":"fr-FR","@id":"https:\/\/thiant.fr\/wordpress\/nouveau-coronavirus-2019-n-cov\/#primaryimage","url":"https:\/\/thiant.fr\/wordpress\/wp-content\/uploads\/2020\/02\/famille_masque_antivirus.jpg","contentUrl":"https:\/\/thiant.fr\/wordpress\/wp-content\/uploads\/2020\/02\/famille_masque_antivirus.jpg","width":500,"height":281},{"@type":"BreadcrumbList","@id":"https:\/\/thiant.fr\/wordpress\/nouveau-coronavirus-2019-n-cov\/#breadcrumb","itemListElement":[{"@type":"ListItem","position":1,"name":"Accueil","item":"https:\/\/thiant.fr\/wordpress\/"},{"@type":"ListItem","position":2,"name":"Nouveau coronavirus (2019 n-CoV ou COVID-19)"}]},{"@type":"WebSite","@id":"https:\/\/thiant.fr\/wordpress\/#website","url":"https:\/\/thiant.fr\/wordpress\/","name":"Ville de Thiant","description":"Site officiel de la ville de Thiant","publisher":{"@id":"https:\/\/thiant.fr\/wordpress\/#organization"},"potentialAction":[{"@type":"SearchAction","target":{"@type":"EntryPoint","urlTemplate":"https:\/\/thiant.fr\/wordpress\/?s={search_term_string}"},"query-input":{"@type":"PropertyValueSpecification","valueRequired":true,"valueName":"search_term_string"}}],"inLanguage":"fr-FR"},{"@type":"Organization","@id":"https:\/\/thiant.fr\/wordpress\/#organization","name":"Ville de Thiant","url":"https:\/\/thiant.fr\/wordpress\/","logo":{"@type":"ImageObject","inLanguage":"fr-FR","@id":"https:\/\/thiant.fr\/wordpress\/#\/schema\/logo\/image\/","url":"https:\/\/thiant.fr\/wordpress\/wp-content\/uploads\/2019\/08\/Thiant_Illdy_4.png","contentUrl":"https:\/\/thiant.fr\/wordpress\/wp-content\/uploads\/2019\/08\/Thiant_Illdy_4.png","width":105,"height":75,"caption":"Ville de Thiant"},"image":{"@id":"https:\/\/thiant.fr\/wordpress\/#\/schema\/logo\/image\/"}},{"@type":"Person","@id":"https:\/\/thiant.fr\/wordpress\/#\/schema\/person\/f41122130d18c0720657431d990451c6","name":"Service communication","image":{"@type":"ImageObject","inLanguage":"fr-FR","@id":"https:\/\/secure.gravatar.com\/avatar\/527d4f1f1330a82db5a7ea7738ddeb994fd26c4537512a833d99b387808ee250?s=96&r=g","url":"https:\/\/secure.gravatar.com\/avatar\/527d4f1f1330a82db5a7ea7738ddeb994fd26c4537512a833d99b387808ee250?s=96&r=g","contentUrl":"https:\/\/secure.gravatar.com\/avatar\/527d4f1f1330a82db5a7ea7738ddeb994fd26c4537512a833d99b387808ee250?s=96&r=g","caption":"Service communication"},"url":"https:\/\/thiant.fr\/wordpress\/author\/adminwpress\/"}]}},"_links":{"self":[{"href":"https:\/\/thiant.fr\/wordpress\/wp-json\/wp\/v2\/posts\/997","targetHints":{"allow":["GET"]}}],"collection":[{"href":"https:\/\/thiant.fr\/wordpress\/wp-json\/wp\/v2\/posts"}],"about":[{"href":"https:\/\/thiant.fr\/wordpress\/wp-json\/wp\/v2\/types\/post"}],"author":[{"embeddable":true,"href":"https:\/\/thiant.fr\/wordpress\/wp-json\/wp\/v2\/users\/1"}],"replies":[{"embeddable":true,"href":"https:\/\/thiant.fr\/wordpress\/wp-json\/wp\/v2\/comments?post=997"}],"version-history":[{"count":0,"href":"https:\/\/thiant.fr\/wordpress\/wp-json\/wp\/v2\/posts\/997\/revisions"}],"wp:featuredmedia":[{"embeddable":true,"href":"https:\/\/thiant.fr\/wordpress\/wp-json\/wp\/v2\/media\/1004"}],"wp:attachment":[{"href":"https:\/\/thiant.fr\/wordpress\/wp-json\/wp\/v2\/media?parent=997"}],"wp:term":[{"taxonomy":"category","embeddable":true,"href":"https:\/\/thiant.fr\/wordpress\/wp-json\/wp\/v2\/categories?post=997"},{"taxonomy":"post_tag","embeddable":true,"href":"https:\/\/thiant.fr\/wordpress\/wp-json\/wp\/v2\/tags?post=997"}],"curies":[{"name":"wp","href":"https:\/\/api.w.org\/{rel}","templated":true}]}}